{"id":110034,"date":"2025-12-07T11:37:08","date_gmt":"2025-12-07T11:37:08","guid":{"rendered":"https:\/\/www.europesays.com\/fi\/110034\/"},"modified":"2025-12-07T11:37:08","modified_gmt":"2025-12-07T11:37:08","slug":"ruotsi-aikoo-varastoida-sotilaskalustoa-myos-suomeen-pieni-pysyva-esikunta-rovaniemelle-lappi","status":"publish","type":"post","link":"https:\/\/www.europesays.com\/fi\/110034\/","title":{"rendered":"Ruotsi aikoo varastoida sotilaskalustoa my\u00f6s Suomeen \u2013 pieni pysyv\u00e4 esikunta Rovaniemelle | Lappi"},"content":{"rendered":"<p class=\"aw-1gybjub aw-5vja16 kEtdKx kmuxyA yle__article__paragraph\">Ruotsilla tulee olemaan my\u00f6s pysyv\u00e4sti pieni joukko esikunta\u00adupseereita Suomessa, todenn\u00e4k\u00f6isesti Rovaniemell\u00e4. Valtaosa FLF-joukoista k\u00e4visi vain harjoittelemassa Lapissa.<\/p>\n<p><img decoding=\"async\" alt=\"Lumipukuisia sotilaita valmistautumassa maastossa harjoitukseen.\" src=\"https:\/\/www.europesays.com\/fi\/wp-content\/uploads\/2025\/12\/39-15651456932ec8cbc69f.jpeg\" class=\"aw-1l9m598 hKVVvP\"\/><\/p>\n<p>Avaa kuvien katselu<\/p>\n<p>Norrbottenin rykmentti eli I19 on yksi Ruotsin puolustusvoimien suurimmista joukko-osastoista, ja sen p\u00e4\u00e4paikka on Boden Pohjois-Ruotsissa. Kuva: Elina Ervasti \/ Yle<\/p>\n<ul class=\"aw-1jjocuh iJTSwP yle__article__list yle__article__list--ul\">\n<li class=\"aw-1j7gwms gNYKfi\">Ruotsi suunnittelee varastoivansa sotilaskalustoa Suomeen. Varastointi liittyy Ruotsin johtamiin Naton FLF-joukkoihin Lapissa.<\/li>\n<li class=\"aw-1j7gwms gNYKfi\">Joukon teht\u00e4v\u00e4 on toimia pelotteena it\u00e4rajalla. Sen koko voi kasvaa tarvittaessa jopa 5\u00a0000 sotilaaseen.<\/li>\n<li class=\"aw-1j7gwms gNYKfi\">Lis\u00e4ksi Ruotsi sijoittaa pysyv\u00e4sti pienen joukon esikuntaupseereita Suomeen, kertoo prikaatikenraali Michael Carl\u00e9n.<\/li>\n<\/ul>\n<p class=\"aw-1gybjub aw-1p7kakr kEtdKx cEmitX yle__article__paragraph\">T\u00e4m\u00e4 on teko\u00e4lyn avulla tuotettu, toimittajan tarkistama tiivistelm\u00e4.<\/p>\n<p class=\"aw-1gybjub aw-1p7kakr kEtdKx cEmitX yle__article__paragraph\">Ruotsi suunnittelee varastoivansa osan sotilaskalustostaan Suomen puolelle osana tiivistyv\u00e4\u00e4 puolustusyhteisty\u00f6t\u00e4, kertoo Ruotsin armeijan prikaatikenraali, ensimm\u00e4isen divisioonan komentaja <strong class=\"aw-ak79eh KyCXm yle__article__strong\">Michael Carl\u00e9n<\/strong>.<\/p>\n<p class=\"aw-1gybjub aw-1p7kakr kEtdKx cEmitX yle__article__paragraph\">Ruotsi on Suomen Lappiin sijoitettavien FLF-joukkojen kehysvaltio eli vastaa toiminnasta.<\/p>\n<p class=\"aw-1gybjub aw-1p7kakr kEtdKx cEmitX yle__article__paragraph\">FLF (Forward Land Forces) on maavoimajoukko, joka harjoittelisi ja toimisi pelotteena it\u00e4rajalla. FLF-joukkoja on my\u00f6s muissa Natoon kuuluvissa Ven\u00e4j\u00e4n naapurimaissa.<\/p>\n<p class=\"aw-1gybjub aw-1p7kakr kEtdKx cEmitX yle__article__paragraph\">Joukot saavat tukikohdan Pohjois-Ruotsin Norrbottenin rykmenttiin Bodenissa, mutta kalustoa ja materiaalia tullaan tarpeen mukaan sijoittamaan my\u00f6s Suomeen.<\/p>\n<p class=\"aw-1gybjub aw-1p7kakr kEtdKx cEmitX yle__article__paragraph\">\u2013 Tarvitsemme molempia ratkaisuja \u2013 osa kalustosta voidaan varastoida Suomeen ja osa tuodaan tarvittaessa Ruotsista, Carl\u00e9n sanoo.<\/p>\n<p class=\"aw-1gybjub aw-1p7kakr kEtdKx cEmitX yle__article__paragraph\">Ruotsilla tulee olemaan my\u00f6s pysyv\u00e4sti pieni joukko esikuntaupseereita Suomessa. Ruotsin puolustusministeri <strong class=\"aw-ak79eh KyCXm yle__article__strong\">P\u00e5l Jonson<\/strong> <a class=\"aw-iao6s4 iHOxEa yle__article__link\" href=\"https:\/\/yle.fi\/a\/74-20166307\" role=\"link\" rel=\"nofollow noopener\" target=\"_blank\">kommentoi aiemmin<\/a> kes\u00e4kuussa Ylelle, ett\u00e4 valtaosa FLF-joukoista k\u00e4visi vain harjoittelemassa Lapissa.<\/p>\n<p class=\"aw-1gybjub aw-1p7kakr kEtdKx cEmitX yle__article__paragraph\">Carl\u00e9nin mukaan pysyv\u00e4sti Suomeen sijoittuva pieni joukko sijoittuisi todenn\u00e4k\u00f6isesti Rovaniemelle. Alun perin Suomi p\u00e4\u00e4tti, ett\u00e4 FLF-joukot sijoittuisivat Rovaniemelle ja Sodankyl\u00e4\u00e4n. Ryhm\u00e4n koko tai sen sijoittelun aikataulu on kuitenkin viel\u00e4 ep\u00e4selv\u00e4.<\/p>\n<p>Pohjoisen tiest\u00f6 kuntoon<\/p>\n<p class=\"aw-1gybjub aw-1p7kakr kEtdKx cEmitX yle__article__paragraph\">Suomea l\u00e4hinn\u00e4 pohjoisessa Ruotsin puolella sijaitseva Bodenin varuskunta toimii Carl\u00e9nin mukaan uuden FLF-joukon tukikohtana, josta k\u00e4sin voidaan nopeasti siirty\u00e4 my\u00f6s Suomeen.<\/p>\n<p class=\"aw-1gybjub aw-1p7kakr kEtdKx cEmitX yle__article__paragraph\">Kaluston liikuttaminen ja sujuva harjoitustoiminta edellytt\u00e4v\u00e4t Carl\u00e9nin mukaan my\u00f6s panostuksia pohjoisen infrastruktuuriin.<\/p>\n<p class=\"aw-1gybjub aw-1p7kakr kEtdKx cEmitX yle__article__paragraph\">Nykyinen tieverkosto mahdollistaa jo nyt joustavan yhteisty\u00f6n, mutta kehitt\u00e4mist\u00e4 tarvitaan erityisesti kaluston ennakkosijoittamisen ja liikkumisen helpottamiseksi.<\/p>\n<p class=\"aw-1gybjub aw-1p7kakr kEtdKx cEmitX yle__article__paragraph\">\u2013 Parempi infrastruktuuri pohjoisessa tekisi ehdottomasti joukkojen liikkumisesta sulavampaa, Carl\u00e9n sanoo.<\/p>\n<p>Jopa 5\u00a0000 sotilaan prikaati<\/p>\n<p class=\"aw-1gybjub aw-1p7kakr kEtdKx cEmitX yle__article__paragraph\">Uuden FLF-taisteluosaston vahvuus olisi Carl\u00e9nin mukaan normaalisti 500\u2013800 sotilasta, mutta sit\u00e4 voitaisiin tarvittaessa kasvattaa jopa 3\u00a0000\u20135\u00a0000 sotilaan prikaatiksi.<\/p>\n<p class=\"aw-1gybjub aw-1p7kakr kEtdKx cEmitX yle__article__paragraph\">Mukana Suomen FLF-joukoissa ovat Ruotsin ja Suomen lis\u00e4ksi Norja, Tanska, Islanti sek\u00e4 mahdollisesti Britannia, Ranska ja Italia.<\/p>\n<p class=\"aw-1gybjub aw-1p7kakr kEtdKx cEmitX yle__article__paragraph\">Carl\u00e9nin mukaan puolustusratkaisujen kehitt\u00e4minen on erityisen ajankohtaista, sill\u00e4 Ven\u00e4j\u00e4n mahdollinen joukkojen siirt\u00e4minen Ukrainan sodan j\u00e4lkeen lis\u00e4\u00e4 painetta my\u00f6s pohjoisessa.<\/p>\n<p class=\"aw-1gybjub aw-1p7kakr kEtdKx cEmitX yle__article__paragraph\">\u2013 On t\u00e4rke\u00e4\u00e4, ett\u00e4 pystymme toimimaan tehokkaasti vaativissa pohjoisissa oloissa. Ruotsilla, Suomella ja Norjalla on t\u00e4st\u00e4 paljon kokemusta, Carl\u00e9n korostaa.<\/p>\n<p>Kysymykseen siit\u00e4, p\u00e4rj\u00e4isiv\u00e4tk\u00f6 joukot esimerkiksi ilman amerikkalaisten tukea, prikaatikenraali Michael Carl\u00e9n vastaa vain ep\u00e4suorasti. Video: Antti Mikkola \/ Yle<\/p>\n","protected":false},"excerpt":{"rendered":"Ruotsilla tulee olemaan my\u00f6s pysyv\u00e4sti pieni joukko esikunta\u00adupseereita Suomessa, todenn\u00e4k\u00f6isesti Rovaniemell\u00e4. Valtaosa FLF-joukoista k\u00e4visi vain harjoittelemassa Lapissa. Avaa&hellip;\n","protected":false},"author":2,"featured_media":110035,"comment_status":"","ping_status":"","sticky":false,"template":"","format":"standard","meta":{"footnotes":""},"categories":[12],"tags":[22,23,26,27,33,31,30,17,71,667,24,25,782,28,29,2579,15,18,21,4097,1057,110,32,19,20,16],"class_list":{"0":"post-110034","1":"post","2":"type-post","3":"status-publish","4":"format-standard","5":"has-post-thumbnail","7":"category-suomi","8":"tag-breaking-news","9":"tag-breakingnews","10":"tag-featured-news","11":"tag-featurednews","12":"tag-fi","13":"tag-finland","14":"tag-finnish","15":"tag-headlines","16":"tag-kotimaa","17":"tag-lappi","18":"tag-latest-news","19":"tag-latestnews","20":"tag-maanpuolustus","21":"tag-main-news","22":"tag-mainnews","23":"tag-nato","24":"tag-news","25":"tag-otsikot","26":"tag-paauutiset","27":"tag-puolustusvoimat","28":"tag-rovaniemi","29":"tag-ruotsi","30":"tag-suomi","31":"tag-top-stories","32":"tag-topstories","33":"tag-uutiset"},"share_on_mastodon":{"url":"https:\/\/pubeurope.com\/@fi\/115678088392630125","error":""},"_links":{"self":[{"href":"https:\/\/www.europesays.com\/fi\/wp-json\/wp\/v2\/posts\/110034","targetHints":{"allow":["GET"]}}],"collection":[{"href":"https:\/\/www.europesays.com\/fi\/wp-json\/wp\/v2\/posts"}],"about":[{"href":"https:\/\/www.europesays.com\/fi\/wp-json\/wp\/v2\/types\/post"}],"author":[{"embeddable":true,"href":"https:\/\/www.europesays.com\/fi\/wp-json\/wp\/v2\/users\/2"}],"replies":[{"embeddable":true,"href":"https:\/\/www.europesays.com\/fi\/wp-json\/wp\/v2\/comments?post=110034"}],"version-history":[{"count":0,"href":"https:\/\/www.europesays.com\/fi\/wp-json\/wp\/v2\/posts\/110034\/revisions"}],"wp:featuredmedia":[{"embeddable":true,"href":"https:\/\/www.europesays.com\/fi\/wp-json\/wp\/v2\/media\/110035"}],"wp:attachment":[{"href":"https:\/\/www.europesays.com\/fi\/wp-json\/wp\/v2\/media?parent=110034"}],"wp:term":[{"taxonomy":"category","embeddable":true,"href":"https:\/\/www.europesays.com\/fi\/wp-json\/wp\/v2\/categories?post=110034"},{"taxonomy":"post_tag","embeddable":true,"href":"https:\/\/www.europesays.com\/fi\/wp-json\/wp\/v2\/tags?post=110034"}],"curies":[{"name":"wp","href":"https:\/\/api.w.org\/{rel}","templated":true}]}}