{"id":110045,"date":"2025-12-07T12:00:09","date_gmt":"2025-12-07T12:00:09","guid":{"rendered":"https:\/\/www.europesays.com\/fi\/110045\/"},"modified":"2025-12-07T12:00:09","modified_gmt":"2025-12-07T12:00:09","slug":"tekoalylla-ajava-auto-tormasi-nyt-koiraan","status":"publish","type":"post","link":"https:\/\/www.europesays.com\/fi\/110045\/","title":{"rendered":"Teko\u00e4lyll\u00e4 ajava auto t\u00f6rm\u00e4si nyt koiraan"},"content":{"rendered":"<p>Yritys v\u00e4itt\u00e4\u00e4 teko\u00e4lyautojen olevan turvallisempia ajajia kuin ihmiskuskit.<\/p>\n<p>Googlen emoyhti\u00f6n Alphabetin omistama yhti\u00f6 Waymo kehitt\u00e4\u00e4 ja operoi itseajavia ajoneuvoja. Niiss\u00e4 k\u00e4ytet\u00e4\u00e4n teko\u00e4lyn tukena kehittyneit\u00e4 antureita ja kameroita navigointiin ja liikenteen tunnistamiseen.<\/p>\n<p>Tekniikka ei ole viel\u00e4 t\u00e4ydellist\u00e4, ja nyt sen sai kokea pahaa-aavistamaton koira. Tapaus <a href=\"https:\/\/www.latimes.com\/business\/story\/2025-12-02\/waymo-strikes-dog-in-san-francisco-weeks-after-kitkat\" target=\"_blank\" rel=\"noreferrer noopener nofollow\">on<\/a> her\u00e4tt\u00e4nyt j\u00e4lleen keskustelua Yhdysvalloissa itseohjautuvien autojen turvallisuudesta.<\/p>\n<p>Matkustajia kuljettanut Waymo-taksi osui viime sunnuntaina pieneen, vapaana kulkeneeseen koiraan San Fransiscossa. Weimo vahvisti tapauksen, mutta koiran vointi ei ole tiedossa.<\/p>\n<p>Yksi matkustajista kirjoitti Redditiss\u00e4: \u201dWaymomme ajoi juuri koiran yli. Lapset n\u00e4kiv\u00e4t koko tapahtuman.\u201d<\/p>\n<p>Monet San Franciscon asukkaat surevat yh\u00e4 KitKatin kuolemaa. Se oli rakastettu ja tunnettu kaupunkikissa, joka kuoli Waymon aiheuttamassa onnettomuudessa lokakuussa.<\/p>\n<p>Yhdysvaltain liittovaltion liikenneturvallisuusvirasto kertoo, ett\u00e4 Waymo-takseihin on vuodesta 2021 asti yhdistetty v\u00e4hint\u00e4\u00e4n 14 el\u00e4inkolaria. Waymon mukaan heid\u00e4n ajoneuvojensa onnettomuusriski vakavien vammojen osalta on tapahtuneista onnettomuuksista huolimatta silti pienempi kuin ihmiskuljettajilla.<\/p>\n<p>Waymo ilmoitti viime kuussa aloittavansa matkojen tarjoamisen moottoriteill\u00e4 San Franciscossa, Los Angelesissa ja Phoenixin alueella.<\/p>\n","protected":false},"excerpt":{"rendered":"Yritys v\u00e4itt\u00e4\u00e4 teko\u00e4lyautojen olevan turvallisempia ajajia kuin ihmiskuskit. Googlen emoyhti\u00f6n Alphabetin omistama yhti\u00f6 Waymo kehitt\u00e4\u00e4 ja operoi itseajavia&hellip;\n","protected":false},"author":2,"featured_media":110046,"comment_status":"","ping_status":"","sticky":false,"template":"","format":"standard","meta":{"footnotes":""},"categories":[84],"tags":[4551,404,33,31,30,3434,1161,32,91,92,433],"class_list":{"0":"post-110045","1":"post","2":"type-post","3":"status-publish","4":"format-standard","5":"has-post-thumbnail","7":"category-teknologia","8":"tag-auto","9":"tag-elaimet","10":"tag-fi","11":"tag-finland","12":"tag-finnish","13":"tag-koira","14":"tag-liikenne","15":"tag-suomi","16":"tag-technology","17":"tag-teknologia","18":"tag-tekoaly"},"share_on_mastodon":{"url":"https:\/\/pubeurope.com\/@fi\/115678178508803220","error":""},"_links":{"self":[{"href":"https:\/\/www.europesays.com\/fi\/wp-json\/wp\/v2\/posts\/110045","targetHints":{"allow":["GET"]}}],"collection":[{"href":"https:\/\/www.europesays.com\/fi\/wp-json\/wp\/v2\/posts"}],"about":[{"href":"https:\/\/www.europesays.com\/fi\/wp-json\/wp\/v2\/types\/post"}],"author":[{"embeddable":true,"href":"https:\/\/www.europesays.com\/fi\/wp-json\/wp\/v2\/users\/2"}],"replies":[{"embeddable":true,"href":"https:\/\/www.europesays.com\/fi\/wp-json\/wp\/v2\/comments?post=110045"}],"version-history":[{"count":0,"href":"https:\/\/www.europesays.com\/fi\/wp-json\/wp\/v2\/posts\/110045\/revisions"}],"wp:featuredmedia":[{"embeddable":true,"href":"https:\/\/www.europesays.com\/fi\/wp-json\/wp\/v2\/media\/110046"}],"wp:attachment":[{"href":"https:\/\/www.europesays.com\/fi\/wp-json\/wp\/v2\/media?parent=110045"}],"wp:term":[{"taxonomy":"category","embeddable":true,"href":"https:\/\/www.europesays.com\/fi\/wp-json\/wp\/v2\/categories?post=110045"},{"taxonomy":"post_tag","embeddable":true,"href":"https:\/\/www.europesays.com\/fi\/wp-json\/wp\/v2\/tags?post=110045"}],"curies":[{"name":"wp","href":"https:\/\/api.w.org\/{rel}","templated":true}]}}