{"id":110053,"date":"2025-12-07T12:04:10","date_gmt":"2025-12-07T12:04:10","guid":{"rendered":"https:\/\/www.europesays.com\/fi\/110053\/"},"modified":"2025-12-07T12:04:10","modified_gmt":"2025-12-07T12:04:10","slug":"numero-46-elefantin-jalkapohjassa-paljasti-stubbille-etta-han-sai-kuninkaalta-kaytetyn-kunniamerkin-kotimaa","status":"publish","type":"post","link":"https:\/\/www.europesays.com\/fi\/110053\/","title":{"rendered":"Numero 46 elefantin jalkapohjassa paljasti Stubbille, ett\u00e4 h\u00e4n sai kuninkaalta k\u00e4ytetyn kunniamerkin | Kotimaa"},"content":{"rendered":"<p class=\"aw-1gybjub aw-5vja16 kEtdKx kmuxyA yle__article__paragraph\">Linnan juhlissa presidentti vastasi yleis\u00f6lt\u00e4 tulleisiin kysymyksiin, joista yksi koski h\u00e4nen kunniamerkkej\u00e4\u00e4n.<\/p>\n<p><img decoding=\"async\" alt=\"Tanskan kuningatar Margareeta kantoi Elefanttiritarikunnan merkki\u00e4 uuden vuoden vastaanotolla vuonna 2017.\" src=\"https:\/\/www.europesays.com\/fi\/wp-content\/uploads\/2025\/12\/39-1565731693525d38e137.jpeg\" class=\"aw-1l9m598 hKVVvP\"\/><\/p>\n<p>Avaa kuvien katselu<\/p>\n<p>T\u00e4lt\u00e4 n\u00e4ytt\u00e4\u00e4 Elefanttiritarikunnan kunniamerkki Tanskan kuningartar Margareetan kantamana. Kuva: Stella Pictures<\/p>\n<p class=\"aw-1gybjub aw-1p7kakr kEtdKx cEmitX yle__article__paragraph\">Presidentti <strong class=\"aw-ak79eh KyCXm yle__article__strong\">Alexander Stubb<\/strong> paljasti Linnan juhlien haastattelussa kiinnostavan yksityiskohdan saamastaan arvokkaasta kunniamerkist\u00e4.<\/p>\n<p class=\"aw-1gybjub aw-1p7kakr kEtdKx cEmitX yle__article__paragraph\"><a class=\"aw-iao6s4 iHOxEa yle__article__link\" href=\"https:\/\/yle.fi\/a\/74-20147331\" role=\"link\" rel=\"nofollow noopener\" target=\"_blank\">Helsingiss\u00e4 maaliskuussa vieraillut Tanskan kuningas<\/a> <strong class=\"aw-ak79eh KyCXm yle__article__strong\">Frederik X<\/strong> antoi Stubbille Elafanttiritarikunnan kunniamerkin, joka on Tanskan vanhin ja arvokkain kunniamerkki.<\/p>\n<p class=\"aw-1gybjub aw-1p7kakr kEtdKx cEmitX yle__article__paragraph\">Ritarikunnan merkki on vaalea timantein koristeltu pieni elefantti, jota kannetaan vaaleansinisess\u00e4 nauhassa.<\/p>\n<p><img decoding=\"async\" alt=\"Presidentti Alexander Stubb ja kuningas Frederik linnan juhlasalin oviaukossa.\" src=\"https:\/\/www.europesays.com\/fi\/wp-content\/uploads\/2025\/12\/39-156573069352547015ca.jpeg\" loading=\"lazy\" class=\"aw-1l9m598 hKVVvP\"\/><\/p>\n<p>Avaa kuvien katselu<\/p>\n<p>Stubb kantaa sinisess\u00e4 nauhassa Elefanttiritarikunnan kunniamerkki\u00e4, jonka h\u00e4n sai vierell\u00e4\u00e4n kulkevalta Tanskan kuningas Frederik X:lt\u00e4. Kuva: Silja Viitala \/ Yle<\/p>\n<p class=\"aw-1gybjub aw-1p7kakr kEtdKx cEmitX yle__article__paragraph\">Stubb oli katsonut kuninkaalta saamaansa kunniamerkki\u00e4.<\/p>\n<p class=\"aw-1gybjub aw-1p7kakr kEtdKx cEmitX yle__article__paragraph\">\u2013 Elefantin jalkapohja n\u00e4ytti v\u00e4h\u00e4n naarmuiselta, ja siin\u00e4 oli numero 46, Stubb kertoo.<\/p>\n<p class=\"aw-1gybjub aw-1p7kakr kEtdKx cEmitX yle__article__paragraph\">Presidentti kysyi vaivihkaa Tanskan kuninkaalta, mit\u00e4 numero tarkoittaa.<\/p>\n<p class=\"aw-1gybjub aw-1p7kakr kEtdKx cEmitX yle__article__paragraph\">Elafanttiritarikunnan kunniamerkki pit\u00e4\u00e4 palauttaa sen saajan kuoleman j\u00e4lkeen, Tanskan kuningas vastasi. Kyseinen kunniamerkki kuului kuninkaan mukaan edesmenneelle Suomen presidentille.<\/p>\n<p class=\"aw-1gybjub aw-1p7kakr kEtdKx cEmitX yle__article__paragraph\">\u2013 Se oli <strong class=\"aw-ak79eh KyCXm yle__article__strong\">Urho Kekkosen<\/strong> elefantti, joka minulla on nyt sitten kotona, Stubb kertoo.<\/p>\n<p class=\"aw-1gybjub aw-1p7kakr kEtdKx cEmitX yle__article__paragraph\">Presidentti Kekkonen sai Elefanttiritarikunnan kunniamerkin vuonna 1957. Kekkonen kuoli 1986, mink\u00e4 j\u00e4lkeen merkki on palautettu Tanskaan.<\/p>\n<p class=\"aw-1gybjub aw-1p7kakr kEtdKx cEmitX yle__article__paragraph\">Suomalaisten ritarikuntien kunniamerkkej\u00e4 ei tarvitse palauttaa saajan kuoleman j\u00e4lkeen.<\/p>\n<p class=\"aw-1gybjub aw-1p7kakr kEtdKx cEmitX yle__article__paragraph\"><strong class=\"aw-ak79eh KyCXm yle__article__strong\">Stubb kuvaa videolla tilannetta, miten h\u00e4n kysyi vaivihkaa elefantin numerosta kuninkaalta.<\/strong><\/p>\n<p>Ylen l\u00e4hetyksess\u00e4 Linnan juhlista Stubb vastasi my\u00f6s yleis\u00f6lt\u00e4 tulleisiin kysymyksiin.<\/p>\n","protected":false},"excerpt":{"rendered":"Linnan juhlissa presidentti vastasi yleis\u00f6lt\u00e4 tulleisiin kysymyksiin, joista yksi koski h\u00e4nen kunniamerkkej\u00e4\u00e4n. Avaa kuvien katselu T\u00e4lt\u00e4 n\u00e4ytt\u00e4\u00e4 Elefanttiritarikunnan&hellip;\n","protected":false},"author":2,"featured_media":110054,"comment_status":"","ping_status":"","sticky":false,"template":"","format":"standard","meta":{"footnotes":""},"categories":[5],"tags":[3406,22,23,26,27,33,31,30,1759,17,564,71,20516,24,25,14062,19866,28,29,15,18,21,32,4978,19,20,16],"class_list":{"0":"post-110053","1":"post","2":"type-post","3":"status-publish","4":"format-standard","5":"has-post-thumbnail","7":"category-otsikot","8":"tag-alexander-stubb","9":"tag-breaking-news","10":"tag-breakingnews","11":"tag-featured-news","12":"tag-featurednews","13":"tag-fi","14":"tag-finland","15":"tag-finnish","16":"tag-frederik","17":"tag-headlines","18":"tag-juhlat","19":"tag-kotimaa","20":"tag-kunniamerkit","21":"tag-latest-news","22":"tag-latestnews","23":"tag-linnan-juhlat","24":"tag-linnan-juhlat-2025","25":"tag-main-news","26":"tag-mainnews","27":"tag-news","28":"tag-otsikot","29":"tag-paauutiset","30":"tag-suomi","31":"tag-tanskan-kuninkaalliset","32":"tag-top-stories","33":"tag-topstories","34":"tag-uutiset"},"share_on_mastodon":{"url":"https:\/\/pubeurope.com\/@fi\/115678194406930466","error":""},"_links":{"self":[{"href":"https:\/\/www.europesays.com\/fi\/wp-json\/wp\/v2\/posts\/110053","targetHints":{"allow":["GET"]}}],"collection":[{"href":"https:\/\/www.europesays.com\/fi\/wp-json\/wp\/v2\/posts"}],"about":[{"href":"https:\/\/www.europesays.com\/fi\/wp-json\/wp\/v2\/types\/post"}],"author":[{"embeddable":true,"href":"https:\/\/www.europesays.com\/fi\/wp-json\/wp\/v2\/users\/2"}],"replies":[{"embeddable":true,"href":"https:\/\/www.europesays.com\/fi\/wp-json\/wp\/v2\/comments?post=110053"}],"version-history":[{"count":0,"href":"https:\/\/www.europesays.com\/fi\/wp-json\/wp\/v2\/posts\/110053\/revisions"}],"wp:featuredmedia":[{"embeddable":true,"href":"https:\/\/www.europesays.com\/fi\/wp-json\/wp\/v2\/media\/110054"}],"wp:attachment":[{"href":"https:\/\/www.europesays.com\/fi\/wp-json\/wp\/v2\/media?parent=110053"}],"wp:term":[{"taxonomy":"category","embeddable":true,"href":"https:\/\/www.europesays.com\/fi\/wp-json\/wp\/v2\/categories?post=110053"},{"taxonomy":"post_tag","embeddable":true,"href":"https:\/\/www.europesays.com\/fi\/wp-json\/wp\/v2\/tags?post=110053"}],"curies":[{"name":"wp","href":"https:\/\/api.w.org\/{rel}","templated":true}]}}