{"id":110059,"date":"2025-12-07T12:23:08","date_gmt":"2025-12-07T12:23:08","guid":{"rendered":"https:\/\/www.europesays.com\/fi\/110059\/"},"modified":"2025-12-07T12:23:08","modified_gmt":"2025-12-07T12:23:08","slug":"mohamed-salah-antoi-palaa-seura-on-heittanyt-minut-bussin-alle-urheilu","status":"publish","type":"post","link":"https:\/\/www.europesays.com\/fi\/110059\/","title":{"rendered":"Mohamed Salah antoi palaa: &#8221;Seura on heitt\u00e4nyt minut bussin alle&#8221; | Urheilu"},"content":{"rendered":"<p>Jalkapallon Englannin Valioliigan Liverpoolin egyptil\u00e4islegenda Mohamed Salah on ajautunut h\u00e4mment\u00e4v\u00e4\u00e4n tilanteeseen seurassa, jolle h\u00e4n on urallaan takonut huimat 250 maalia. Lauantainen liigaottelu Leedsi\u00e4 vastaan oli jo kolmas per\u00e4kk\u00e4inen, jossa h\u00e4n ei ollut avauskokoonpanossa. Lopulta Salahia, 33, ei saatu edes vaihdosta kent\u00e4lle.<\/p>\n<p>Ottelun j\u00e4lkeiset kommentit kertoivat paljon turhautumisesta omaan tilanteeseen ja joukkueen heikkoihin otteisiin sek\u00e4 suhteesta Liverpool-luotsi Arne Slotiin.<\/p>\n<p>\u2013\u2009Minusta n\u00e4ytt\u00e4\u00e4 selv\u00e4lt\u00e4, ett\u00e4 joku haluaa tehd\u00e4 minusta syyllisen. Olen sanonut monesti aiemmin, ett\u00e4 minulla on ollut hyv\u00e4 suhde p\u00e4\u00e4valmentajaan, ja sitten yht\u00e4kki\u00e4 meill\u00e4 ei olekaan mit\u00e4\u00e4n suhdetta. En tied\u00e4 miksi, mutta minusta tuntuu, ett\u00e4 joku ei halua minun olevan t\u00e4\u00e4ll\u00e4. Tuntuu, ett\u00e4 seura on heitt\u00e4nyt minut bussin alle, Salah laukoi BBC:n <a href=\"https:\/\/www.bbc.com\/sport\/football\/articles\/cze8rnx4g7go\" rel=\"nofollow noopener\" target=\"_blank\">mukaan<\/a>.<\/p>\n<p>Salah toki vakuutteli, kuinka tulee aina tukemaan ja rakastamaan Liverpoolia ja kuinka h\u00e4nen lapsensakin tekev\u00e4t niin. Mutta huolimatta huhtikuussa tekem\u00e4st\u00e4\u00e4n kahden vuoden jatkosopimuksesta Salahin tulevaisuus &#8221;Punaisissa&#8221; on ep\u00e4varmalla tolalla.<\/p>\n<p>\u2013\u2009T\u00e4m\u00e4 tilanne ei ole hyv\u00e4ksytt\u00e4viss\u00e4. En tajua t\u00e4t\u00e4. Kuin olisin heitettyn\u00e4 bussin alle. En ajattele, ett\u00e4 olen ongelma, olen tehnyt niin paljon t\u00e4lle seuralle. Olen ansainnut paikkani.<\/p>\n","protected":false},"excerpt":{"rendered":"Jalkapallon Englannin Valioliigan Liverpoolin egyptil\u00e4islegenda Mohamed Salah on ajautunut h\u00e4mment\u00e4v\u00e4\u00e4n tilanteeseen seurassa, jolle h\u00e4n on urallaan takonut huimat&hellip;\n","protected":false},"author":2,"featured_media":110060,"comment_status":"","ping_status":"","sticky":false,"template":"","format":"standard","meta":{"footnotes":""},"categories":[158],"tags":[2326,33,31,30,101,43,42,1745,2290,98,159,32,160],"class_list":{"0":"post-110059","1":"post","2":"type-post","3":"status-publish","4":"format-standard","5":"has-post-thumbnail","7":"category-urheilu","8":"tag-bbc","9":"tag-fi","10":"tag-finland","11":"tag-finnish","12":"tag-ihmissuhteet","13":"tag-jalkapallo","14":"tag-jalkapalloon-perustuvat-lajit","15":"tag-jalkapallopelaajat","16":"tag-liverpool","17":"tag-perhe","18":"tag-sports","19":"tag-suomi","20":"tag-urheilu"},"share_on_mastodon":{"url":"https:\/\/pubeurope.com\/@fi\/115678268980024384","error":""},"_links":{"self":[{"href":"https:\/\/www.europesays.com\/fi\/wp-json\/wp\/v2\/posts\/110059","targetHints":{"allow":["GET"]}}],"collection":[{"href":"https:\/\/www.europesays.com\/fi\/wp-json\/wp\/v2\/posts"}],"about":[{"href":"https:\/\/www.europesays.com\/fi\/wp-json\/wp\/v2\/types\/post"}],"author":[{"embeddable":true,"href":"https:\/\/www.europesays.com\/fi\/wp-json\/wp\/v2\/users\/2"}],"replies":[{"embeddable":true,"href":"https:\/\/www.europesays.com\/fi\/wp-json\/wp\/v2\/comments?post=110059"}],"version-history":[{"count":0,"href":"https:\/\/www.europesays.com\/fi\/wp-json\/wp\/v2\/posts\/110059\/revisions"}],"wp:featuredmedia":[{"embeddable":true,"href":"https:\/\/www.europesays.com\/fi\/wp-json\/wp\/v2\/media\/110060"}],"wp:attachment":[{"href":"https:\/\/www.europesays.com\/fi\/wp-json\/wp\/v2\/media?parent=110059"}],"wp:term":[{"taxonomy":"category","embeddable":true,"href":"https:\/\/www.europesays.com\/fi\/wp-json\/wp\/v2\/categories?post=110059"},{"taxonomy":"post_tag","embeddable":true,"href":"https:\/\/www.europesays.com\/fi\/wp-json\/wp\/v2\/tags?post=110059"}],"curies":[{"name":"wp","href":"https:\/\/api.w.org\/{rel}","templated":true}]}}