{"id":110061,"date":"2025-12-07T12:24:10","date_gmt":"2025-12-07T12:24:10","guid":{"rendered":"https:\/\/www.europesays.com\/fi\/110061\/"},"modified":"2025-12-07T12:24:10","modified_gmt":"2025-12-07T12:24:10","slug":"minttu-kaulanen-paljastaa-seiskalle-etta-sampo-kaulanen-vaihtaa-pian-lapin-maisemat-johonkin-ihan-muuhun","status":"publish","type":"post","link":"https:\/\/www.europesays.com\/fi\/110061\/","title":{"rendered":"Minttu Kaulanen paljastaa Seiskalle, ett\u00e4 Sampo Kaulanen vaihtaa pian Lapin maisemat johonkin ihan muuhun"},"content":{"rendered":"<p>            Timo Korhonen\n        <\/p>\n<p class=\"subtitle \">Rajun taloudellisen riskin ottanut monimiljon\u00e4\u00e4ri vaihtaa maisemaa.<\/p>\n<p class=\"article-content article-content-width !bg-background\">Seiska vieraili hiljattain  tuliter\u00e4ll\u00e4 J\u00e4nk\u00e4 Resortilla.<\/p>\n<p class=\"article-content article-content-width !bg-background\">Yll\u00e4ksen \u00c4k\u00e4slompoloon on noussut miljoonia maksanut lomakeskus, joka k\u00e4sitt\u00e4\u00e4 muun muassa 13 premium-tason luksusvillaa ja huippulokan ravintolan.<\/p>\n<p>        <a itemprop=\"url\" href=\"https:\/\/www.seiska.fi\/kotimaa\/pysayttava-puhelu-huippukokki-hans-valimaki-sai-tarjouksen-josta-ei-voinut-kieltaytya\/2008131\" rel=\"nofollow noopener\" target=\"_blank\"><\/p>\n<p>\nTarjous, josta ei voinut kielt\u00e4yty\u00e4\n<\/p>\n<p class=\"section-date\">\n        <strong class=\"article-section\" data-section=\"kotimaa\"><br \/>\n            kotimaa<br \/>\n        <\/strong><br \/>\n        3.12. 07:00\n    <\/p>\n<p>Pys\u00e4ytt\u00e4v\u00e4 puhelu! Huippukokki Hans V\u00e4lim\u00e4ki sai tarjouksen, josta ei voinut kielt\u00e4yty\u00e4\n    <\/p>\n<p itemprop=\"description\" class=\"subtitle \">\n    Michelin-palkittu keitti\u00f6mestari loi ravintolakonseptin Sampo Kaulasen miljoonaprojektiin.\n<\/p>\n<p>        <\/a><\/p>\n<p class=\"article-content article-content-width !bg-background\">Jounin Kaupan myynnist\u00e4 satumaiset rahat tehnyt Sampo on pist\u00e4nyt k\u00e4tt\u00e4 syvemm\u00e4lle taskuun.<\/p>\n<p class=\"article-content article-content-width !bg-background\">Kyseess\u00e4 on n\u00e4et vasta ensimm\u00e4inen vaihe isompaa kokonaisuutta, jonka kokonaiskustannukset py\u00f6riv\u00e4t per\u00e4ti 30 miljoonassa eurossa.<\/p>\n<p>                <img decoding=\"async\" src=\"https:\/\/www.europesays.com\/fi\/wp-content\/uploads\/2025\/12\/2013264.webp\" width=\"576\" height=\"720\" alt=\"J\u00e4nk\u00e4 Resortin \u00f6kyhuvilat ovat viimeisen p\u00e4\u00e4lle.\" loading=\"lazy\" \/>            <\/p>\n<p>\n            J\u00e4nk\u00e4 Resortin \u00f6kyhuvilat ovat viimeisen p\u00e4\u00e4lle.<br \/>\n            Timo Korhonen\n        <\/p>\n<p>Minttu: \u201cTotuus on&#8230;\u201d<\/p>\n<p class=\"article-content article-content-width !bg-background\">Sampon vaimo  paljasti mielenkiintoisia tietoja J\u00e4nk\u00e4 Resortin avajaishumussa.<\/p>\n<p class=\"article-content article-content-width !bg-background\">Moni oli siin\u00e4 harhaluulossa, ett\u00e4 Sampo olisi j\u00e4\u00e4nyt lep\u00e4\u00e4m\u00e4\u00e4n laakereilleen myyty\u00e4\u00e4n Jounin Kaupan Keskolle kev\u00e4\u00e4ll\u00e4 2023.<\/p>\n<p>        <a itemprop=\"url\" href=\"https:\/\/www.seiska.fi\/kotimaa\/mitta-tuli-tayteen-sampo-kaulanen-ei-astu-enaa-jalallaan-jounin-kauppaan\/2007909\" rel=\"nofollow noopener\" target=\"_blank\"><\/p>\n<p>\nBoikotoi Jounin Kauppaa\n<\/p>\n<p class=\"section-date\">\n        <strong class=\"article-section\" data-section=\"kotimaa\"><br \/>\n            kotimaa<br \/>\n        <\/strong><br \/>\n        1.12. 10:30\n    <\/p>\n<p>Mitta tuli t\u00e4yteen! Sampo Kaulanen ei astu en\u00e4\u00e4 jalallaan Jounin Kauppaan\n    <\/p>\n<p itemprop=\"description\" class=\"subtitle \">\n    Ex-kyl\u00e4kauppias ei ole k\u00e4ynyt yli kahteen vuoteen Jounin Kaupassa.\n<\/p>\n<p>        <\/a><\/p>\n<p class=\"article-content article-content-width !bg-background\">\u2013 Eih\u00e4n Sampo viihtynyt el\u00e4kkeell\u00e4 kuin 52 tuntia, Minttu naurahtaa Seiskalle.<\/p>\n<p class=\"article-content article-content-width !bg-background\">\u2013 Totuus on, ett\u00e4 Sampo on tehnyt Jounin Kaupasta luopumisen j\u00e4lkeen enemm\u00e4n duunia kuin koskaan.<\/p>\n<p>                <img decoding=\"async\" src=\"https:\/\/www.europesays.com\/fi\/wp-content\/uploads\/2025\/12\/2013258.webp\" width=\"576\" height=\"322\" alt=\"Yritt\u00e4j\u00e4 Sampo Kaulanen on puuhakas Lapin mies.\" loading=\"lazy\" \/>            <\/p>\n<p>\n            Yritt\u00e4j\u00e4 Sampo Kaulanen on puuhakas Lapin mies.<br \/>\n            Timo Korhonen\n        <\/p>\n<p>Todellinen ikiliikkuja<\/p>\n<p class=\"article-content article-content-width !bg-background\">Sampo hauskuutti avajaispuheessaan itsekin toteamalla, ettei kerta kaikkiaan osaa olla paikoillaan. Kaikkea uutta on keksitt\u00e4v\u00e4 jatkuvalla sy\u00f6t\u00f6ll\u00e4.<\/p>\n<p>        <a itemprop=\"url\" href=\"https:\/\/www.seiska.fi\/kotimaa\/valikohtaus-yllaksella-sampo-ja-minttu-kaulanen-vuodattivat-kyyneleita\/2006301\" rel=\"nofollow noopener\" target=\"_blank\"><\/p>\n<p>\nSampo ja Minttu Kaulanen\n<\/p>\n<p class=\"section-date\">\n        <strong class=\"article-section\" data-section=\"kotimaa\"><br \/>\n            kotimaa<br \/>\n        <\/strong><br \/>\n        28.11. 18:00\n    <\/p>\n<p>V\u00e4likohtaus Yll\u00e4ksell\u00e4! Sampo ja Minttu Kaulanen vuodattivat kyyneleit\u00e4\n    <\/p>\n<p itemprop=\"description\" class=\"subtitle \">\n    J\u00e4nk\u00e4 Resortin avajaisissa koettiin tunteellisia hetki\u00e4.\n<\/p>\n<p>        <\/a><\/p>\n<p class=\"article-content article-content-width !bg-background\">Seiskan kuvaustenkin aikana puuhakas Lapin mies ehti moottorikelkan selk\u00e4\u00e4n, ajelemaan \u00f6ky-Mersullaan sek\u00e4 tekem\u00e4\u00e4n tulet kotaan.<\/p>\n<p class=\"article-content article-content-width !bg-background\">\u2013 En usko, ett\u00e4 Sampo tulee koskaan pys\u00e4htym\u00e4\u00e4n. Vaikea kuvitella, ett\u00e4 h\u00e4n olisi tekem\u00e4tt\u00e4 duunia, Minttu tuumii.<\/p>\n<p>                <img decoding=\"async\" src=\"https:\/\/www.europesays.com\/fi\/wp-content\/uploads\/2025\/12\/2013250.webp\" width=\"576\" height=\"615\" alt=\"Kaulaset ymm\u00e4rt\u00e4v\u00e4t my\u00f6s levon merkityksen.\" loading=\"lazy\" \/>            <\/p>\n<p>\n            Kaulaset ymm\u00e4rt\u00e4v\u00e4t my\u00f6s levon merkityksen.<br \/>\n            Timo Korhonen\n        <\/p>\n<p>Sampon vuoro l\u00e4hte\u00e4<\/p>\n<p class=\"article-content article-content-width !bg-background\">Kovaa ty\u00f6t\u00e4 tekev\u00e4t Kaulaset osaavat antaa arvoa my\u00f6s vapaa-ajalle. Tuntureilla ei vedet\u00e4 itse\u00e4\u00e4n piippuun.<\/p>\n<p class=\"article-content article-content-width !bg-background\">Minttu paljastaa Seiskalle saaneensa hiljattain lev\u00e4tty\u00e4 oikein urakalla.<\/p>\n<p>\n            Eih\u00e4n Sampo viihtynyt el\u00e4kkeell\u00e4 kuin 52 tuntia.\n            <\/p>\n<p class=\"article-content article-content-width !bg-background\">\u2013 Saavuin vasta v\u00e4h\u00e4n aikaa sitten Malediiveilta. Nyt on sellainen olo, ett\u00e4 olen resetoitunut ihan tarpeeksi.<\/p>\n<p class=\"article-content article-content-width !bg-background\">\u2013 Eli m\u00e4 en ole menossa yht\u00e4\u00e4n minnek\u00e4\u00e4n, mutta Sampo l\u00e4htee helmikuussa Kolumbiaan. Eik\u00f6h\u00e4n se ole nyt Kaulasen vuoro l\u00e4hte\u00e4.<\/p>\n<p>                <img decoding=\"async\" src=\"https:\/\/www.europesays.com\/fi\/wp-content\/uploads\/2025\/12\/2013247.webp\" width=\"576\" height=\"720\" alt=\"Sampo Kaulanen suuntaa Kolumbian viidakkoon.\" loading=\"lazy\" \/>            <\/p>\n<p>\n            Sampo Kaulanen suuntaa Kolumbian viidakkoon.<br \/>\n            Timo Korhonen\n        <\/p>\n","protected":false},"excerpt":{"rendered":"Timo Korhonen Rajun taloudellisen riskin ottanut monimiljon\u00e4\u00e4ri vaihtaa maisemaa. Seiska vieraili hiljattain tuliter\u00e4ll\u00e4 J\u00e4nk\u00e4 Resortilla. Yll\u00e4ksen \u00c4k\u00e4slompoloon on&hellip;\n","protected":false},"author":2,"featured_media":110062,"comment_status":"","ping_status":"","sticky":false,"template":"","format":"standard","meta":{"footnotes":""},"categories":[130],"tags":[19434,137,33,31,30,19432,20165,1175,7198,667,19473,20517,1478,20167,2922,32,109,7193],"class_list":{"0":"post-110061","1":"post","2":"type-post","3":"status-publish","4":"format-standard","5":"has-post-thumbnail","7":"category-viihde","8":"tag-akaslompolo","9":"tag-entertainment","10":"tag-fi","11":"tag-finland","12":"tag-finnish","13":"tag-janka-resort","14":"tag-jounin-kauppa","15":"tag-kolumbia","16":"tag-lansi-lappi","17":"tag-lappi","18":"tag-lepo","19":"tag-lomailu","20":"tag-matkailu","21":"tag-minttu-kaulanen","22":"tag-sampo-kaulanen","23":"tag-suomi","24":"tag-viihde","25":"tag-yllas"},"share_on_mastodon":{"url":"https:\/\/pubeurope.com\/@fi\/115678273003768142","error":""},"_links":{"self":[{"href":"https:\/\/www.europesays.com\/fi\/wp-json\/wp\/v2\/posts\/110061","targetHints":{"allow":["GET"]}}],"collection":[{"href":"https:\/\/www.europesays.com\/fi\/wp-json\/wp\/v2\/posts"}],"about":[{"href":"https:\/\/www.europesays.com\/fi\/wp-json\/wp\/v2\/types\/post"}],"author":[{"embeddable":true,"href":"https:\/\/www.europesays.com\/fi\/wp-json\/wp\/v2\/users\/2"}],"replies":[{"embeddable":true,"href":"https:\/\/www.europesays.com\/fi\/wp-json\/wp\/v2\/comments?post=110061"}],"version-history":[{"count":0,"href":"https:\/\/www.europesays.com\/fi\/wp-json\/wp\/v2\/posts\/110061\/revisions"}],"wp:featuredmedia":[{"embeddable":true,"href":"https:\/\/www.europesays.com\/fi\/wp-json\/wp\/v2\/media\/110062"}],"wp:attachment":[{"href":"https:\/\/www.europesays.com\/fi\/wp-json\/wp\/v2\/media?parent=110061"}],"wp:term":[{"taxonomy":"category","embeddable":true,"href":"https:\/\/www.europesays.com\/fi\/wp-json\/wp\/v2\/categories?post=110061"},{"taxonomy":"post_tag","embeddable":true,"href":"https:\/\/www.europesays.com\/fi\/wp-json\/wp\/v2\/tags?post=110061"}],"curies":[{"name":"wp","href":"https:\/\/api.w.org\/{rel}","templated":true}]}}