{"id":110065,"date":"2025-12-07T12:28:07","date_gmt":"2025-12-07T12:28:07","guid":{"rendered":"https:\/\/www.europesays.com\/fi\/110065\/"},"modified":"2025-12-07T12:28:07","modified_gmt":"2025-12-07T12:28:07","slug":"magan-eurooppa-inho-paistaa-trumpin-hallinnon-uudesta-strategiapaperista","status":"publish","type":"post","link":"https:\/\/www.europesays.com\/fi\/110065\/","title":{"rendered":"Magan Eurooppa-inho paistaa Trumpin hallinnon uudesta strategiapaperista"},"content":{"rendered":"<p>HS-analyysi|Valkoisen talon julkaisema kansallinen turvallisuusstrategia maalaa synk\u00e4n kuvan Euroopasta, joka on muuttumassa \u201dtunnistamattomaksi\u201d. Miten on Yhdysvaltojen itsens\u00e4 laita, pohtii ulkomaantoimittaja Jukka Huusko.<\/p>\n<p class=\"article-body mb-nof-24 px-nof-16\">Donald <a class=\"article-personlink\" href=\"https:\/\/www.hs.fi\/haku\/?query=Trumpin\" rel=\"nofollow noopener\" target=\"_blank\">Trumpin<\/a> hallinto teki j\u00e4lleen U-k\u00e4\u00e4nn\u00f6ksen. T\u00e4ll\u00e4 kertaa k\u00e4\u00e4ntyi koko Yhdysvaltain ulkopolitiikan doktriini yhdess\u00e4 kurvissa. Kaarros oli niin tiukka, ett\u00e4 melkein saattoi kuulla renkaiden vinkuvan.<\/p>\n<p class=\"article-body mb-nof-24 px-nof-16\">Ulkopoliittinen t\u00e4ysk\u00e4\u00e4nn\u00f6s on luettavissa torstaina <a class=\"article-genericlink\" href=\"https:\/\/www.whitehouse.gov\/wp-content\/uploads\/2025\/12\/2025-National-Security-Strategy.pdf\" rel=\"nofollow noopener\" target=\"_blank\">julkaistusta <\/a>kansallisesta turvallisuusstrategiasta, jonka Valkoinen talo julkaisi jostakin syyst\u00e4 pikkutunneilla ja v\u00e4h\u00e4eleisesti ilman tiedotustilaisuuksia. Kyseess\u00e4 on linjapaperi, jonka kukin hallinto halutessaan tuottaa ja julkaisee ulkopolitiikkansa ohjenuoraksi.<\/p>\n","protected":false},"excerpt":{"rendered":"HS-analyysi|Valkoisen talon julkaisema kansallinen turvallisuusstrategia maalaa synk\u00e4n kuvan Euroopasta, joka on muuttumassa \u201dtunnistamattomaksi\u201d. Miten on Yhdysvaltojen itsens\u00e4 laita,&hellip;\n","protected":false},"author":2,"featured_media":110066,"comment_status":"","ping_status":"","sticky":false,"template":"","format":"standard","meta":{"footnotes":""},"categories":[14],"tags":[22,23,26,27,33,31,30,17,46,24,25,28,29,15,18,21,32,19,20,56,16,59,60,61],"class_list":{"0":"post-110065","1":"post","2":"type-post","3":"status-publish","4":"format-standard","5":"has-post-thumbnail","7":"category-ulkomaat","8":"tag-breaking-news","9":"tag-breakingnews","10":"tag-featured-news","11":"tag-featurednews","12":"tag-fi","13":"tag-finland","14":"tag-finnish","15":"tag-headlines","16":"tag-helsingin-sanomat","17":"tag-latest-news","18":"tag-latestnews","19":"tag-main-news","20":"tag-mainnews","21":"tag-news","22":"tag-otsikot","23":"tag-paauutiset","24":"tag-suomi","25":"tag-top-stories","26":"tag-topstories","27":"tag-ulkomaat","28":"tag-uutiset","29":"tag-world","30":"tag-world-news","31":"tag-worldnews"},"share_on_mastodon":{"url":"https:\/\/pubeurope.com\/@fi\/115678288652189770","error":""},"_links":{"self":[{"href":"https:\/\/www.europesays.com\/fi\/wp-json\/wp\/v2\/posts\/110065","targetHints":{"allow":["GET"]}}],"collection":[{"href":"https:\/\/www.europesays.com\/fi\/wp-json\/wp\/v2\/posts"}],"about":[{"href":"https:\/\/www.europesays.com\/fi\/wp-json\/wp\/v2\/types\/post"}],"author":[{"embeddable":true,"href":"https:\/\/www.europesays.com\/fi\/wp-json\/wp\/v2\/users\/2"}],"replies":[{"embeddable":true,"href":"https:\/\/www.europesays.com\/fi\/wp-json\/wp\/v2\/comments?post=110065"}],"version-history":[{"count":0,"href":"https:\/\/www.europesays.com\/fi\/wp-json\/wp\/v2\/posts\/110065\/revisions"}],"wp:featuredmedia":[{"embeddable":true,"href":"https:\/\/www.europesays.com\/fi\/wp-json\/wp\/v2\/media\/110066"}],"wp:attachment":[{"href":"https:\/\/www.europesays.com\/fi\/wp-json\/wp\/v2\/media?parent=110065"}],"wp:term":[{"taxonomy":"category","embeddable":true,"href":"https:\/\/www.europesays.com\/fi\/wp-json\/wp\/v2\/categories?post=110065"},{"taxonomy":"post_tag","embeddable":true,"href":"https:\/\/www.europesays.com\/fi\/wp-json\/wp\/v2\/tags?post=110065"}],"curies":[{"name":"wp","href":"https:\/\/api.w.org\/{rel}","templated":true}]}}