{"id":110069,"date":"2025-12-07T12:30:09","date_gmt":"2025-12-07T12:30:09","guid":{"rendered":"https:\/\/www.europesays.com\/fi\/110069\/"},"modified":"2025-12-07T12:30:09","modified_gmt":"2025-12-07T12:30:09","slug":"katariina-raikkosen-haastattelu-on-kerannyt-instagramissa-jo-lahes-miljoona-katselukertaa-kotimaa","status":"publish","type":"post","link":"https:\/\/www.europesays.com\/fi\/110069\/","title":{"rendered":"Katariina R\u00e4ikk\u00f6sen haastattelu on ker\u00e4nnyt Instagramissa jo l\u00e4hes miljoona katselukertaa | Kotimaa"},"content":{"rendered":"<p class=\"aw-1gybjub aw-5vja16 kEtdKx kmuxyA yle__article__paragraph\">Linnan juhliin kutsun saanut R\u00e4ikk\u00f6nen on tullut tunnetuksi siit\u00e4, ett\u00e4 h\u00e4n kertoo somessa el\u00e4m\u00e4st\u00e4\u00e4n Touretten kanssa.<\/p>\n<p><img decoding=\"async\" alt=\"Katariina R\u00e4ikk\u00f6nen punaisella matolla.\" src=\"https:\/\/www.europesays.com\/fi\/wp-content\/uploads\/2025\/12\/39-156555069346361098fd.jpeg\" class=\"aw-1l9m598 hKVVvP\"\/><\/p>\n<p>Avaa kuvien katselu<\/p>\n<p>Katariina R\u00e4ikk\u00f6nen saapui Linnan juhliin auringonkukin koristellussa vihre\u00e4ss\u00e4 mekossa. Kuva: Jani Saikko \/ Yle<\/p>\n<p class=\"aw-1gybjub aw-1p7kakr kEtdKx cEmitX yle__article__paragraph\">\u2013 On ihanaa, ett\u00e4 saan n\u00e4ky\u00e4 t\u00e4\u00e4ll\u00e4, <strong class=\"aw-ak79eh KyCXm yle__article__strong\">Katariina R\u00e4ikk\u00f6nen<\/strong> sanoo lauantai-iltana Linnan juhlissa tehdyss\u00e4 Ylen haastattelussa.<\/p>\n<p class=\"aw-1gybjub aw-1p7kakr kEtdKx cEmitX yle__article__paragraph\">Pelk\u00e4st\u00e4\u00e4n <a class=\"aw-iao6s4 iHOxEa yle__article__link\" href=\"https:\/\/www.instagram.com\/yleuutiset\/\" role=\"link\" rel=\"nofollow noopener\" target=\"_blank\">Yle Uutisten Instagramissa<\/a> haastattelu on katsottu jo l\u00e4hes miljoona kertaa sunnuntai-iltap\u00e4iv\u00e4\u00e4n menness\u00e4.<\/p>\n<p class=\"aw-1gybjub aw-1p7kakr kEtdKx cEmitX yle__article__paragraph\">Kansalaisaktivisti R\u00e4ikk\u00f6nen on tullut tunnetuksi siit\u00e4, ett\u00e4 h\u00e4n kertoo somessa avoimesti el\u00e4m\u00e4st\u00e4\u00e4n touretten kanssa. Sen oireisiin voivat kuulua esimerkiksi erilaiset tahattomat liikkeet ja \u00e4\u00e4nn\u00e4hdykset.<\/p>\n<p class=\"aw-1gybjub aw-1p7kakr kEtdKx cEmitX yle__article__paragraph\">R\u00e4ikk\u00f6selle kutsu Linnan juhliin tuli yll\u00e4tyksen\u00e4.<\/p>\n<p class=\"aw-1gybjub aw-1p7kakr kEtdKx cEmitX yle__article__paragraph\">\u2013 Eilen tuli viel\u00e4 paniikki, R\u00e4ikk\u00f6nen sanoo.<\/p>\n<p class=\"aw-1gybjub aw-1p7kakr kEtdKx cEmitX yle__article__paragraph\"><strong class=\"aw-ak79eh KyCXm yle__article__strong\">Valtavasti katsojia ker\u00e4nneell\u00e4 videolla R\u00e4ikk\u00f6nen kertoo, miten Linnan juhlat ovat sujuneet.<\/strong><\/p>\n<p>Touretten oireyhtym\u00e4st\u00e4\u00e4n tunnettu turkulainen Katariina R\u00e4ikk\u00f6nen edustaa neuro\u00adkirjolaisia Linnan juhlissa. Toimittaja Sara Salmi haastattelee.<script async src=\"\/\/www.instagram.com\/embed.js\"><\/script><\/p>\n","protected":false},"excerpt":{"rendered":"Linnan juhliin kutsun saanut R\u00e4ikk\u00f6nen on tullut tunnetuksi siit\u00e4, ett\u00e4 h\u00e4n kertoo somessa el\u00e4m\u00e4st\u00e4\u00e4n Touretten kanssa. Avaa kuvien&hellip;\n","protected":false},"author":2,"featured_media":110070,"comment_status":"","ping_status":"","sticky":false,"template":"","format":"standard","meta":{"footnotes":""},"categories":[5],"tags":[22,23,26,27,33,31,30,17,2675,564,20520,71,24,25,19866,28,29,15,18,21,32,19,20,601,16],"class_list":{"0":"post-110069","1":"post","2":"type-post","3":"status-publish","4":"format-standard","5":"has-post-thumbnail","7":"category-otsikot","8":"tag-breaking-news","9":"tag-breakingnews","10":"tag-featured-news","11":"tag-featurednews","12":"tag-fi","13":"tag-finland","14":"tag-finnish","15":"tag-headlines","16":"tag-instagram","17":"tag-juhlat","18":"tag-katariina-raikkonen","19":"tag-kotimaa","20":"tag-latest-news","21":"tag-latestnews","22":"tag-linnan-juhlat-2025","23":"tag-main-news","24":"tag-mainnews","25":"tag-news","26":"tag-otsikot","27":"tag-paauutiset","28":"tag-suomi","29":"tag-top-stories","30":"tag-topstories","31":"tag-touretten-oireyhtyma","32":"tag-uutiset"},"share_on_mastodon":{"url":"https:\/\/pubeurope.com\/@fi\/115678296423618955","error":""},"_links":{"self":[{"href":"https:\/\/www.europesays.com\/fi\/wp-json\/wp\/v2\/posts\/110069","targetHints":{"allow":["GET"]}}],"collection":[{"href":"https:\/\/www.europesays.com\/fi\/wp-json\/wp\/v2\/posts"}],"about":[{"href":"https:\/\/www.europesays.com\/fi\/wp-json\/wp\/v2\/types\/post"}],"author":[{"embeddable":true,"href":"https:\/\/www.europesays.com\/fi\/wp-json\/wp\/v2\/users\/2"}],"replies":[{"embeddable":true,"href":"https:\/\/www.europesays.com\/fi\/wp-json\/wp\/v2\/comments?post=110069"}],"version-history":[{"count":0,"href":"https:\/\/www.europesays.com\/fi\/wp-json\/wp\/v2\/posts\/110069\/revisions"}],"wp:featuredmedia":[{"embeddable":true,"href":"https:\/\/www.europesays.com\/fi\/wp-json\/wp\/v2\/media\/110070"}],"wp:attachment":[{"href":"https:\/\/www.europesays.com\/fi\/wp-json\/wp\/v2\/media?parent=110069"}],"wp:term":[{"taxonomy":"category","embeddable":true,"href":"https:\/\/www.europesays.com\/fi\/wp-json\/wp\/v2\/categories?post=110069"},{"taxonomy":"post_tag","embeddable":true,"href":"https:\/\/www.europesays.com\/fi\/wp-json\/wp\/v2\/tags?post=110069"}],"curies":[{"name":"wp","href":"https:\/\/api.w.org\/{rel}","templated":true}]}}