{"id":110073,"date":"2025-12-07T12:49:06","date_gmt":"2025-12-07T12:49:06","guid":{"rendered":"https:\/\/www.europesays.com\/fi\/110073\/"},"modified":"2025-12-07T12:49:06","modified_gmt":"2025-12-07T12:49:06","slug":"lewis-hamilton-murtui-median-edessa-huhut-vellovat","status":"publish","type":"post","link":"https:\/\/www.europesays.com\/fi\/110073\/","title":{"rendered":"Lewis Hamilton murtui median edess\u00e4 \u2013 huhut vellovat"},"content":{"rendered":"<p>Brittimestarin tilanne puhuttaa.<\/p>\n<p class=\"article-body mb-nof-24 px-nof-16\">F1-sarjan seitsenkertainen maailmanmestari <a class=\"article-personlink\" href=\"https:\/\/www.is.fi\/haku\/?query=Lewis%20Hamilton\" rel=\"nofollow noopener\" target=\"_blank\">Lewis Hamilton<\/a> tarpoo uransa syvimm\u00e4ss\u00e4 suossa.<\/p>\n<p class=\"article-body mb-nof-24 px-nof-16\">Hamiltonin ensimm\u00e4inen kausi Ferrarilla on sujunut p\u00e4\u00e4asiassa alavireisesti, ja etenkin viimeisimmiss\u00e4 kisoissa britti on ollut suurissa ongelmissa.<\/p>\n<p class=\"article-body mb-nof-24 px-nof-16\">Lauantaina Abu Dhabin aika-ajoissa Hamilton putosi kolmatta kertaa per\u00e4kk\u00e4in jo ensimm\u00e4isess\u00e4 osiossa ja j\u00e4i 16:nneksi.<\/p>\n<p class=\"article-body mb-nof-24 px-nof-16\">Brittimedia Daily Starin <a class=\"article-genericlink\" href=\"https:\/\/www.dailystar.co.uk\/sport\/f1\/hamilton-ferrari-qualifying-abu-dhabi-36362671\" rel=\"nofollow noopener\" target=\"_blank\">mukaan<\/a> Hamilton vaikutti aika-ajon j\u00e4lkeen pid\u00e4ttelev\u00e4n kyyneleit\u00e4 median edess\u00e4. H\u00e4n vastaili median kysymyksiin v\u00e4h\u00e4sanaisesti.<\/p>\n<p class=\"article-body mb-nof-24 px-nof-16\">\u2013\u2009En l\u00f6yd\u00e4 sanoja kuvailemaan sit\u00e4, mit\u00e4 tunnen. Sis\u00e4ll\u00e4ni on kest\u00e4m\u00e4t\u00f6n m\u00e4\u00e4r\u00e4 vihaa ja raivoa, enk\u00e4 oikein osaa sanoa siit\u00e4 mit\u00e4\u00e4n, Hamilton p\u00e4ivitteli Daily Starin mukaan Sky Italialle.<\/p>\n<p class=\"article-body mb-nof-24 px-nof-16\">Huhut 40-vuotiaan Hamiltonin lopettamisesta ovat yltyneet, kun h\u00e4nen suorituksensa ovat olleet heikkoja ja h\u00e4n on usein ollut silmin n\u00e4hden pettynyt tilanteeseensa.<\/p>\n<p class=\"article-body mb-nof-24 px-nof-16\">Esimerkiksi Planet F1 -sivusto julkaisi sunnuntaina <a class=\"article-genericlink\" href=\"https:\/\/www.planetf1.com\/news\/lewis-hamilton-retirement-announcement-abu-dhabi-grand-prix-2025\" rel=\"nofollow noopener\" target=\"_blank\">artikkelin<\/a>, jossa spekuloidaan, lopettaako Hamilton uransa sunnuntaina p\u00e4\u00e4ttyv\u00e4n kauden j\u00e4lkeen.<\/p>\n<p class=\"article-body mb-nof-24 px-nof-16\">My\u00f6s asiantuntija <a class=\"article-personlink\" href=\"https:\/\/www.is.fi\/haku\/?query=Toni%20Vilander\" rel=\"nofollow noopener\" target=\"_blank\">Toni Vilander<\/a> pohti lauantaina aika-ajojen j\u00e4lkeen Viaplayn studiossa, ett\u00e4 Hamilton pohtii tosissaan, haluaako h\u00e4n jatkaa uraansa viel\u00e4 F1:ss\u00e4.<\/p>\n<p class=\"article-body mb-nof-24 px-nof-16\">Hamilton on MM-sarjassa kuudentena 152 pisteell\u00e4. H\u00e4n ei ole saavuttanut t\u00e4ll\u00e4 kaudella yht\u00e4k\u00e4\u00e4n palkintopallisijoitusta, jos sprinttej\u00e4 ei lasketa.<\/p>\n<p class=\"article-body mb-nof-24 px-nof-16\">Ferrain toinen kuljettaja <a class=\"article-personlink\" href=\"https:\/\/www.is.fi\/haku\/?query=Charles%20Lecler\" rel=\"nofollow noopener\" target=\"_blank\">Charles Lecler<\/a> on viidenten\u00e4 230 pisteell\u00e4. Monacolainen on juhlinut palkintokorokkeella seitsem\u00e4n kertaa.<\/p>\n<p class=\"article-body mb-nof-24 px-nof-16\">F1-kausi p\u00e4\u00e4ttyy sunnuntaina kello 15.00 alkavan Abu Dhabin osakilpailun j\u00e4lkeen. Kisassa ratkaistaan maailmanmestaruus, josta taistelevat McLarenin <a class=\"article-personlink\" href=\"https:\/\/www.is.fi\/haku\/?query=Lando%20Norris\" rel=\"nofollow noopener\" target=\"_blank\">Lando Norris<\/a> ja <a class=\"article-personlink\" href=\"https:\/\/www.is.fi\/haku\/?query=Oscar%20Piastri\" rel=\"nofollow noopener\" target=\"_blank\">Oscar Piastri<\/a> sek\u00e4 Red Bullin <a class=\"article-personlink\" href=\"https:\/\/www.is.fi\/haku\/?query=Max%20Verstappen\" rel=\"nofollow noopener\" target=\"_blank\">Max Verstappen<\/a>.<\/p>\n","protected":false},"excerpt":{"rendered":"Brittimestarin tilanne puhuttaa. F1-sarjan seitsenkertainen maailmanmestari Lewis Hamilton tarpoo uransa syvimm\u00e4ss\u00e4 suossa. Hamiltonin ensimm\u00e4inen kausi Ferrarilla on sujunut&hellip;\n","protected":false},"author":2,"featured_media":110074,"comment_status":"","ping_status":"","sticky":false,"template":"","format":"standard","meta":{"footnotes":""},"categories":[158],"tags":[33,31,30,34,159,32,160],"class_list":{"0":"post-110073","1":"post","2":"type-post","3":"status-publish","4":"format-standard","5":"has-post-thumbnail","7":"category-urheilu","8":"tag-fi","9":"tag-finland","10":"tag-finnish","11":"tag-ilta-sanomat","12":"tag-sports","13":"tag-suomi","14":"tag-urheilu"},"share_on_mastodon":{"url":"https:\/\/pubeurope.com\/@fi\/115678371294670863","error":""},"_links":{"self":[{"href":"https:\/\/www.europesays.com\/fi\/wp-json\/wp\/v2\/posts\/110073","targetHints":{"allow":["GET"]}}],"collection":[{"href":"https:\/\/www.europesays.com\/fi\/wp-json\/wp\/v2\/posts"}],"about":[{"href":"https:\/\/www.europesays.com\/fi\/wp-json\/wp\/v2\/types\/post"}],"author":[{"embeddable":true,"href":"https:\/\/www.europesays.com\/fi\/wp-json\/wp\/v2\/users\/2"}],"replies":[{"embeddable":true,"href":"https:\/\/www.europesays.com\/fi\/wp-json\/wp\/v2\/comments?post=110073"}],"version-history":[{"count":0,"href":"https:\/\/www.europesays.com\/fi\/wp-json\/wp\/v2\/posts\/110073\/revisions"}],"wp:featuredmedia":[{"embeddable":true,"href":"https:\/\/www.europesays.com\/fi\/wp-json\/wp\/v2\/media\/110074"}],"wp:attachment":[{"href":"https:\/\/www.europesays.com\/fi\/wp-json\/wp\/v2\/media?parent=110073"}],"wp:term":[{"taxonomy":"category","embeddable":true,"href":"https:\/\/www.europesays.com\/fi\/wp-json\/wp\/v2\/categories?post=110073"},{"taxonomy":"post_tag","embeddable":true,"href":"https:\/\/www.europesays.com\/fi\/wp-json\/wp\/v2\/tags?post=110073"}],"curies":[{"name":"wp","href":"https:\/\/api.w.org\/{rel}","templated":true}]}}