{"id":110075,"date":"2025-12-07T12:50:09","date_gmt":"2025-12-07T12:50:09","guid":{"rendered":"https:\/\/www.europesays.com\/fi\/110075\/"},"modified":"2025-12-07T12:50:09","modified_gmt":"2025-12-07T12:50:09","slug":"nyt-suoratoistossa-uunituore-vakoojaleffa-on-viiden-tahden-viihdetta-rotten-tomatoes-luku-98","status":"publish","type":"post","link":"https:\/\/www.europesays.com\/fi\/110075\/","title":{"rendered":"Nyt suoratoistossa: Uunituore vakoojaleffa on viiden t\u00e4hden viihdett\u00e4 \u2013 Rotten Tomatoes -luku 98!"},"content":{"rendered":"<p>SkyShowtimen valikoimaan on lis\u00e4tty Black Bag (2025), joka sai ensi-iltansa Suomen elokuvateattereissa huhtikuussa.<\/p>\n<p>Britannian ulkomaantiedustelun SIS:n (MI6) vakoojapariskunta George Woodhouse ja Kathryn St. Jean vannovat alituiseen rehellisyytt\u00e4\u00e4n toisilleen. Georgen esimies Meacham antaa h\u00e4nelle viikon aikaa l\u00f6yt\u00e4\u00e4 huippusalaisen Severus-tietokoneohjelman vuotaja ennen kuin mit\u00e4\u00e4n kohtalokasta p\u00e4\u00e4see tapahtumaan, my\u00f6s Kathryn kuuluu ep\u00e4iltyjen listaan. Niinp\u00e4 George j\u00e4rjest\u00e4\u00e4 Kathrynin kanssa kotonaan illalliset nelj\u00e4lle kollegalleen, joista ilmeisesti yksi on tuo myyr\u00e4. Kieltenkantojen avaamiseksi yhteen ruokaan on saattanut lorahtaa kiistanalaista DZM-5-l\u00e4\u00e4kett\u00e4, jonka vaikutus ei tuo toivottua tulosta muutoin eritt\u00e4in mielenkiintoisen illalliskeskustelun lis\u00e4ksi. <\/p>\n<p>Jahti siis jatkuu, eik\u00e4 George edelleenk\u00e4\u00e4n voi tiet\u00e4\u00e4, kuka on luotettava ja kuka ei. Kun Meacham kuolee outoon syd\u00e4nkohtaukseen, saa juttu uuden vakavamman kierteen. Alkaa tihentyv\u00e4 tutkimus, johon liittyy karannut ven\u00e4l\u00e4isupseeri ja Kathrynin juoksutus Z\u00fcrichiin.<\/p>\n<p>Lue my\u00f6s: <a href=\"https:\/\/www.episodi.fi\/uutiset\/nyt-suoratoistossa-visuaalisesti-upea-leffa-erinomaisen-synkka-kostokertomus\/\" title=\"Nyt suoratoistossa: Visuaalisesti upea leffa \u2013 \u201dErinomaisen synkk\u00e4 kostokertomus\u201d\" class=\"underline-custom !font-montserrat !font-bold !underline-offset-4 !decoration-4 !decoration-episodi-blue !text-md\" rel=\"nofollow noopener\" target=\"_blank\">Nyt suoratoistossa: Visuaalisesti upea leffa \u2013 \u201dErinomaisen synkk\u00e4 kostokertomus\u201d<\/a><\/p>\n<p>Lue my\u00f6s: <a href=\"https:\/\/www.episodi.fi\/uutiset\/nyt-suoratoistossa-harrison-fordin-laadukas-toimintaleffa-215-miljoonan-lipputulot\/\" title=\"Nyt suoratoistossa: Harrison Fordin laadukas toimintaleffa \u2013 215 miljoonan lipputulot!\" class=\"underline-custom !font-montserrat !font-bold !underline-offset-4 !decoration-4 !decoration-episodi-blue !text-md\" rel=\"nofollow noopener\" target=\"_blank\">Nyt suoratoistossa: Harrison Fordin laadukas toimintaleffa \u2013 215 miljoonan lipputulot!<\/a><\/p>\n<p><strong>Steven Soderberghin<\/strong> ohjausty\u00f6n p\u00e4\u00e4osissa n\u00e4hd\u00e4\u00e4n <strong>Cate Blanchett<\/strong>, <strong>Michael Fassbender<\/strong>, <strong>Marisa Abela<\/strong>, <strong>Tom Burke<\/strong>, <strong>Naomie Harris<\/strong>, <strong>Reg\u00e9-Jean Page<\/strong> ja <strong>Pierce Brosnan<\/strong>.<\/p>\n<p>Black Bag sai ylist\u00e4v\u00e4t arviot kriitikoilta. Elokuvan<a href=\"https:\/\/www.rottentomatoes.com\/m\/black_bag\" rel=\"nofollow noopener\" target=\"_blank\"> Rotten Tomatoes -prosentti<\/a> on 98, ja Episodin <a href=\"https:\/\/www.episodi.fi\/elokuvat\/black-bag\/\" rel=\"nofollow noopener\" target=\"_blank\">arviossa<\/a> leffa sai viisi t\u00e4hte\u00e4.<\/p>\n<p>Katso traileri alta.<\/p>\n<p><img loading=\"lazy\" decoding=\"async\" alt=\"YouTube video\" width=\"480\" height=\"360\" data-pin-nopin=\"true\" nopin=\"nopin\" class=\"perfmatters-lazy\" src=\"https:\/\/www.europesays.com\/fi\/wp-content\/uploads\/2025\/12\/1765111809_943_hqdefault.jpg\"\/><\/p>\n<p>Lue my\u00f6s: <a href=\"https:\/\/www.episodi.fi\/uutiskirje\/?uutiskirjemainos=tekstilinkkimainos\" title=\"Tilaa Episodin uutiskirje ja voit voittaa leffalippuja! Nappaa tv-vinkit suoraan s\u00e4hk\u00f6postiin t\u00e4st\u00e4.\" class=\"underline-custom !font-montserrat !font-bold !underline-offset-4 !decoration-4 !decoration-episodi-blue !text-md\" rel=\"nofollow noopener\" target=\"_blank\">Tilaa Episodin uutiskirje ja voit voittaa leffalippuja! Nappaa katseluvinkit suoraan s\u00e4hk\u00f6postiin t\u00e4st\u00e4.<\/a><\/p>\n","protected":false},"excerpt":{"rendered":"SkyShowtimen valikoimaan on lis\u00e4tty Black Bag (2025), joka sai ensi-iltansa Suomen elokuvateattereissa huhtikuussa. Britannian ulkomaantiedustelun SIS:n (MI6) vakoojapariskunta&hellip;\n","protected":false},"author":2,"featured_media":110076,"comment_status":"","ping_status":"","sticky":false,"template":"","format":"standard","meta":{"footnotes":""},"categories":[130],"tags":[137,33,31,30,341,32,109],"class_list":{"0":"post-110075","1":"post","2":"type-post","3":"status-publish","4":"format-standard","5":"has-post-thumbnail","7":"category-viihde","8":"tag-entertainment","9":"tag-fi","10":"tag-finland","11":"tag-finnish","12":"tag-skyshowtime","13":"tag-suomi","14":"tag-viihde"},"share_on_mastodon":{"url":"https:\/\/pubeurope.com\/@fi\/115678375187463669","error":""},"_links":{"self":[{"href":"https:\/\/www.europesays.com\/fi\/wp-json\/wp\/v2\/posts\/110075","targetHints":{"allow":["GET"]}}],"collection":[{"href":"https:\/\/www.europesays.com\/fi\/wp-json\/wp\/v2\/posts"}],"about":[{"href":"https:\/\/www.europesays.com\/fi\/wp-json\/wp\/v2\/types\/post"}],"author":[{"embeddable":true,"href":"https:\/\/www.europesays.com\/fi\/wp-json\/wp\/v2\/users\/2"}],"replies":[{"embeddable":true,"href":"https:\/\/www.europesays.com\/fi\/wp-json\/wp\/v2\/comments?post=110075"}],"version-history":[{"count":0,"href":"https:\/\/www.europesays.com\/fi\/wp-json\/wp\/v2\/posts\/110075\/revisions"}],"wp:featuredmedia":[{"embeddable":true,"href":"https:\/\/www.europesays.com\/fi\/wp-json\/wp\/v2\/media\/110076"}],"wp:attachment":[{"href":"https:\/\/www.europesays.com\/fi\/wp-json\/wp\/v2\/media?parent=110075"}],"wp:term":[{"taxonomy":"category","embeddable":true,"href":"https:\/\/www.europesays.com\/fi\/wp-json\/wp\/v2\/categories?post=110075"},{"taxonomy":"post_tag","embeddable":true,"href":"https:\/\/www.europesays.com\/fi\/wp-json\/wp\/v2\/tags?post=110075"}],"curies":[{"name":"wp","href":"https:\/\/api.w.org\/{rel}","templated":true}]}}