{"id":110079,"date":"2025-12-07T12:54:12","date_gmt":"2025-12-07T12:54:12","guid":{"rendered":"https:\/\/www.europesays.com\/fi\/110079\/"},"modified":"2025-12-07T12:54:12","modified_gmt":"2025-12-07T12:54:12","slug":"vallankaappausyritys-beninissa-ilta-sanomat","status":"publish","type":"post","link":"https:\/\/www.europesays.com\/fi\/110079\/","title":{"rendered":"Vallankaappausyritys Beniniss\u00e4 &#8211; Ilta-Sanomat"},"content":{"rendered":"<p>Maan hallituksen mukaan tilanne on hallinnassa.<\/p>\n<p>Sotilaat v\u00e4itt\u00e4v\u00e4t Beninin kansallisessa televisiossa kaapanneensa vallan.<br \/>\nVideo: B\u00e9nin TV \/ Reuters<\/p>\n<p>Lue tiivistelm\u00e4<\/p>\n<p>Tiivistelm\u00e4 on teko\u00e4lyn tekem\u00e4 ja ihmisen tarkistama.<\/p>\n<p class=\"article-body mb-nof-24 px-nof-16 sndp-summary-bullet-point-font\">L\u00e4nsi-Afrikan Beniniss\u00e4 tapahtui sunnuntaina vallankaappausyritys, jonka takana oli joukko maan asevoimien sotilaita.<\/p>\n<p class=\"article-body mb-nof-24 px-nof-16 sndp-summary-bullet-point-font\">Eversti Tigri Pascalin johtama sotilaskomitea ilmoitti valtiollisella televisiokanavalla kaapanneensa vallan ja sulkeneensa maan rajat.<\/p>\n<p class=\"article-body mb-nof-24 px-nof-16 sndp-summary-bullet-point-font\">Beninin hallitus kertoo, ett\u00e4 kaappausyritys on saatu estetty\u00e4 ja tilanne on hallinnassa.<\/p>\n<p class=\"article-body mb-nof-24 px-nof-16 sndp-summary-bullet-point-font\">Presidentti Patrice Talonille uskollisten joukkojen kerrotaan toimineen kapinoivia sotilaita vastaan.<\/p>\n<p class=\"article-body mb-nof-24 px-nof-16\">L\u00e4nsiafrikkalaisessa Beninin valtiossa tapahtui sunnuntaina vallankaappausyritys, kertoo uutistoimisto Reuters. Kaappausyrityksen takana on joukko sotilaita maan asevoimista.<\/p>\n<p class=\"article-body mb-nof-24 px-nof-16\">Reutersin mukaan ainakin kahdeksasta sotilaasta koostuva joukko ilmoitti valtiollisella televisiokanavalla sunnuntaina, ett\u00e4 eversti <a class=\"article-personlink\" href=\"https:\/\/www.is.fi\/haku\/?query=Tigri%20Pascalin\" rel=\"nofollow noopener\" target=\"_blank\">Tigri Pascalin<\/a> johtama sotilaskomitea on kaapannut maassa vallan, kumonnut perustuslain ja sulkenut maan rajat.<\/p>\n<p class=\"article-body mb-nof-24 px-nof-16\">Beninin hallitus kiisti sunnuntaina, ett\u00e4 hallitus olisi kaatunut. Se kuitenkin my\u00f6nsi, ett\u00e4 vallankaappausyritys oli k\u00e4ynniss\u00e4.<\/p>\n<p><img decoding=\"async\" src=\"https:\/\/images.sanoma-sndp.fi\/0fe321f43ca63088c3736be3c8717d2f.svg\" alt=\"\" class=\"_Img_1rerz_1\" style=\"aspect-ratio:1.78\" loading=\"eager\"\/><\/p>\n<p class=\"article-body mb-nof-24 px-nof-16\">Hallituksen mukaan suuri osa maan asevoimista on pysynyt uskollisena presidentti <a class=\"article-personlink\" href=\"https:\/\/www.is.fi\/haku\/?query=Patrice%20Talonille\" rel=\"nofollow noopener\" target=\"_blank\">Patrice Talonille<\/a>. N\u00e4iden joukkojen kerrottiin toimivan kapinoivaa sotilasjoukkoa vastaan.<\/p>\n<p class=\"article-body mb-nof-24 px-nof-16\">Reutersin mukaan maan suurimmassa kaupungissa Cotonoussa on kuultu laukauksia sunnuntaina. Asiasta kertoo my\u00f6s Ranskan Beninin-suurl\u00e4hetyst\u00f6, joka on kehottanut ihmisi\u00e4 pysym\u00e4\u00e4n kotona.<\/p>\n<p class=\"article-body mb-nof-24 px-nof-16\">Maan ulkoministeri kertoi sunnuntaina Reutersille, ett\u00e4 tilanne maassa on hallinnassa. Maan sis\u00e4ministeri antoi iltap\u00e4iv\u00e4ll\u00e4 Suomen aikaa lausunnon, jonka mukaan kaappausyritys on saatu estetty\u00e4.<\/p>\n<p class=\"article-body mb-nof-24 px-nof-16\">L\u00e4nsi-Afrikan talousyhteis\u00f6 kertoi sunnuntaina tuomitsevansa kaappausyrityksen.<\/p>\n<p class=\"article-body mb-nof-24 px-nof-16\">Presidentti Talon on aiemmin ilmoittanut luopuvansa vallasta huhtikuussa j\u00e4rjestett\u00e4viss\u00e4 presidentinvaaleissa, Reuters kertoo. Talon on hallinnut maata vuodesta 2016 alkaen.<\/p>\n<p class=\"article-body mb-nof-24 px-nof-16\">Sotilasvallankaappaukset eiv\u00e4t ole tavattomia l\u00e4ntisen Afrikan maissa. <a class=\"article-genericlink\" href=\"https:\/\/www.is.fi\/ulkomaat\/art-2000011653358.html\" rel=\"nofollow noopener\" target=\"_blank\">Viime kuussa<\/a> sotilaat kaappasivat vallan Guinea-Bissaussa.<\/p>\n<p class=\"article-body mb-nof-24 px-nof-16\">Benin on 1990-luvulta l\u00e4htien ollut yksi Saharan etel\u00e4puolisen Afrikan vakaimmista valtioista yhdysvaltalaisen demokratiaa tutkivan j\u00e4rjest\u00f6n Freedom Housen mukaan.<\/p>\n<p class=\"article-body mb-nof-24 px-nof-16\">Maa oli vuosina 1975-1990 marxistinen kansantasavalta, kunnes maa luopui kommunismista ja siirtyi monipuoluej\u00e4rjestelm\u00e4\u00e4n.<\/p>\n<p class=\"article-body mb-nof-24 px-nof-16\">Benini\u00e4 pidet\u00e4\u00e4n voodoon kotimaana ja se on tunnustettu maassa viralliseksi uskonnoksi.<\/p>\n","protected":false},"excerpt":{"rendered":"Maan hallituksen mukaan tilanne on hallinnassa. Sotilaat v\u00e4itt\u00e4v\u00e4t Beninin kansallisessa televisiossa kaapanneensa vallan. Video: B\u00e9nin TV \/ Reuters&hellip;\n","protected":false},"author":2,"featured_media":110080,"comment_status":"","ping_status":"","sticky":false,"template":"","format":"standard","meta":{"footnotes":""},"categories":[14],"tags":[22,23,26,27,33,31,30,17,34,24,25,28,29,15,18,21,32,19,20,56,16,59,60,61],"class_list":{"0":"post-110079","1":"post","2":"type-post","3":"status-publish","4":"format-standard","5":"has-post-thumbnail","7":"category-ulkomaat","8":"tag-breaking-news","9":"tag-breakingnews","10":"tag-featured-news","11":"tag-featurednews","12":"tag-fi","13":"tag-finland","14":"tag-finnish","15":"tag-headlines","16":"tag-ilta-sanomat","17":"tag-latest-news","18":"tag-latestnews","19":"tag-main-news","20":"tag-mainnews","21":"tag-news","22":"tag-otsikot","23":"tag-paauutiset","24":"tag-suomi","25":"tag-top-stories","26":"tag-topstories","27":"tag-ulkomaat","28":"tag-uutiset","29":"tag-world","30":"tag-world-news","31":"tag-worldnews"},"share_on_mastodon":{"url":"https:\/\/pubeurope.com\/@fi\/115678391185921227","error":""},"_links":{"self":[{"href":"https:\/\/www.europesays.com\/fi\/wp-json\/wp\/v2\/posts\/110079","targetHints":{"allow":["GET"]}}],"collection":[{"href":"https:\/\/www.europesays.com\/fi\/wp-json\/wp\/v2\/posts"}],"about":[{"href":"https:\/\/www.europesays.com\/fi\/wp-json\/wp\/v2\/types\/post"}],"author":[{"embeddable":true,"href":"https:\/\/www.europesays.com\/fi\/wp-json\/wp\/v2\/users\/2"}],"replies":[{"embeddable":true,"href":"https:\/\/www.europesays.com\/fi\/wp-json\/wp\/v2\/comments?post=110079"}],"version-history":[{"count":0,"href":"https:\/\/www.europesays.com\/fi\/wp-json\/wp\/v2\/posts\/110079\/revisions"}],"wp:featuredmedia":[{"embeddable":true,"href":"https:\/\/www.europesays.com\/fi\/wp-json\/wp\/v2\/media\/110080"}],"wp:attachment":[{"href":"https:\/\/www.europesays.com\/fi\/wp-json\/wp\/v2\/media?parent=110079"}],"wp:term":[{"taxonomy":"category","embeddable":true,"href":"https:\/\/www.europesays.com\/fi\/wp-json\/wp\/v2\/categories?post=110079"},{"taxonomy":"post_tag","embeddable":true,"href":"https:\/\/www.europesays.com\/fi\/wp-json\/wp\/v2\/tags?post=110079"}],"curies":[{"name":"wp","href":"https:\/\/api.w.org\/{rel}","templated":true}]}}