{"id":110083,"date":"2025-12-07T12:56:08","date_gmt":"2025-12-07T12:56:08","guid":{"rendered":"https:\/\/www.europesays.com\/fi\/110083\/"},"modified":"2025-12-07T12:56:08","modified_gmt":"2025-12-07T12:56:08","slug":"max-verstappen-virittelee-hammastyttavaa-temppua-yle-seuraa-f1-kauden-jannittavaa-mm-ratkaisua-urheilu","status":"publish","type":"post","link":"https:\/\/www.europesays.com\/fi\/110083\/","title":{"rendered":"Max Verstappen virittelee h\u00e4mm\u00e4stytt\u00e4v\u00e4\u00e4 temppua \u2013 Yle seuraa F1-kauden j\u00e4nnitt\u00e4v\u00e4\u00e4 MM-ratkaisua | Urheilu"},"content":{"rendered":"<p>K\u00e4sitt\u00e4m\u00e4tt\u00f6m\u00e4n hieno kausi huipentuu!<\/p>\n<p class=\"aw-lzd4tw hrgmTi\">T\u00e4ss\u00e4 artikkelissa seurataan F1-kauden viimeist\u00e4 osakilpailua. Abu Dhabissa ajettavassa kisassa panoksena on kuljettajien mestaruus.<\/p>\n<p class=\"aw-lzd4tw hrgmTi\">Mestaruuskamppailu on per\u00e4ti kolmen kauppa: McLarenin Lando Norris johtaa 12 pisteen erolla ennen Red Bullin Max Verstappenia ja toinen McLaren-kuski Oscar Piastri on kolmantena 16 pinnaa tallikaveriaan per\u00e4ss\u00e4.<\/p>\n<p class=\"aw-lzd4tw hrgmTi\">Norrisille riitt\u00e4\u00e4 mestaruuteen kolmossija. Verstappenille kelpaa MM-voittoon se, ett\u00e4 h\u00e4n voittaa ja Norris on korkeimmillaan nelj\u00e4s.<\/p>\n<p class=\"aw-lzd4tw hrgmTi\">Piastri sen sijaan tarvitsee sit\u00e4, ett\u00e4 h\u00e4nen edell\u00e4\u00e4n olevalle kaksikolle tapahtuu jotain.<\/p>\n<p class=\"aw-lzd4tw hrgmTi\">Verstappen l\u00e4htee Abu Dabin kisaan paalupaikalta, Norris 2. ruudusta ja Piastri l\u00e4ht\u00f6paikalta numero kolme. Asetelmat kisaan ovat kutkuttavat!<\/p>\n","protected":false},"excerpt":{"rendered":"K\u00e4sitt\u00e4m\u00e4tt\u00f6m\u00e4n hieno kausi huipentuu! T\u00e4ss\u00e4 artikkelissa seurataan F1-kauden viimeist\u00e4 osakilpailua. Abu Dhabissa ajettavassa kisassa panoksena on kuljettajien mestaruus.&hellip;\n","protected":false},"author":2,"featured_media":110084,"comment_status":"","ping_status":"","sticky":false,"template":"","format":"standard","meta":{"footnotes":""},"categories":[5],"tags":[22,23,26,27,33,31,30,3437,6633,6632,17,7317,24,25,28,29,7571,15,7279,18,21,32,19,20,160,161,16],"class_list":{"0":"post-110083","1":"post","2":"type-post","3":"status-publish","4":"format-standard","5":"has-post-thumbnail","7":"category-otsikot","8":"tag-breaking-news","9":"tag-breakingnews","10":"tag-featured-news","11":"tag-featurednews","12":"tag-fi","13":"tag-finland","14":"tag-finnish","15":"tag-formula-1","16":"tag-formula-1-kuljettaja","17":"tag-formula-1-tallit","18":"tag-headlines","19":"tag-lando-norris","20":"tag-latest-news","21":"tag-latestnews","22":"tag-main-news","23":"tag-mainnews","24":"tag-max-verstappen","25":"tag-news","26":"tag-oscar-piastri","27":"tag-otsikot","28":"tag-paauutiset","29":"tag-suomi","30":"tag-top-stories","31":"tag-topstories","32":"tag-urheilu","33":"tag-urheilutapahtumat","34":"tag-uutiset"},"share_on_mastodon":{"url":"https:\/\/pubeurope.com\/@fi\/115678398586910777","error":""},"_links":{"self":[{"href":"https:\/\/www.europesays.com\/fi\/wp-json\/wp\/v2\/posts\/110083","targetHints":{"allow":["GET"]}}],"collection":[{"href":"https:\/\/www.europesays.com\/fi\/wp-json\/wp\/v2\/posts"}],"about":[{"href":"https:\/\/www.europesays.com\/fi\/wp-json\/wp\/v2\/types\/post"}],"author":[{"embeddable":true,"href":"https:\/\/www.europesays.com\/fi\/wp-json\/wp\/v2\/users\/2"}],"replies":[{"embeddable":true,"href":"https:\/\/www.europesays.com\/fi\/wp-json\/wp\/v2\/comments?post=110083"}],"version-history":[{"count":0,"href":"https:\/\/www.europesays.com\/fi\/wp-json\/wp\/v2\/posts\/110083\/revisions"}],"wp:featuredmedia":[{"embeddable":true,"href":"https:\/\/www.europesays.com\/fi\/wp-json\/wp\/v2\/media\/110084"}],"wp:attachment":[{"href":"https:\/\/www.europesays.com\/fi\/wp-json\/wp\/v2\/media?parent=110083"}],"wp:term":[{"taxonomy":"category","embeddable":true,"href":"https:\/\/www.europesays.com\/fi\/wp-json\/wp\/v2\/categories?post=110083"},{"taxonomy":"post_tag","embeddable":true,"href":"https:\/\/www.europesays.com\/fi\/wp-json\/wp\/v2\/tags?post=110083"}],"curies":[{"name":"wp","href":"https:\/\/api.w.org\/{rel}","templated":true}]}}