{"id":110085,"date":"2025-12-07T13:08:10","date_gmt":"2025-12-07T13:08:10","guid":{"rendered":"https:\/\/www.europesays.com\/fi\/110085\/"},"modified":"2025-12-07T13:08:10","modified_gmt":"2025-12-07T13:08:10","slug":"joel-ja-leena-harkimo-jarjestivat-leo-harkimolle-yllatyksen-meni-ihan-shokkiin","status":"publish","type":"post","link":"https:\/\/www.europesays.com\/fi\/110085\/","title":{"rendered":"Joel ja Leena Harkimo j\u00e4rjestiv\u00e4t Leo Harkimolle yll\u00e4tyksen \u2013 \u201dMeni ihan shokkiin\u201d"},"content":{"rendered":"<p>Joel Harkimon pikkuveli Leo on vaihdossa Koreassa.<\/p>\n<p><img decoding=\"async\" class=\"image image-show image-preview\" src=\"https:\/\/www.europesays.com\/fi\/wp-content\/uploads\/2025\/08\/b5629177a3794291bfa31fa4320ccb9e6a9a4be8719de9f9606f034a11df25fc.jpg\" alt=\"\"\/><img decoding=\"async\" class=\"image image-show\" src=\"https:\/\/www.europesays.com\/fi\/wp-content\/uploads\/2025\/08\/1756416967_885_b5629177a3794291bfa31fa4320ccb9e6a9a4be8719de9f9606f034a11df25fc.jpg\" alt=\"\"\/><\/p>\n<p>Joel ja Leena Harkimo. ATTE KAJOVA<\/p>\n<p class=\"paragraph\">Yritt\u00e4j\u00e4 <a href=\"https:\/\/www.iltalehti.fi\/henkilot\/Joel Harkimo\" class=\"article-link-person-page\" rel=\"nofollow noopener\" target=\"_blank\">Joel Harkimo<\/a> ja h\u00e4nen \u00e4itins\u00e4 <a href=\"https:\/\/www.iltalehti.fi\/henkilot\/Leena Harkimo\" class=\"article-link-person-page\" rel=\"nofollow noopener\" target=\"_blank\">Leena Harkimo<\/a> matkasivat Koreaan, jossa Joelin pikkuveli <strong>Leo Harkimo<\/strong> on paraikaa vaihdossa.<\/p>\n<p class=\"paragraph\">Joel on kuvannut vierailusta Koreaan videon Instagram-tililleen. Oman mausteensa soppaan luo se, ettei Leo tiennyt etuk\u00e4teen, ett\u00e4 \u00e4iti ja veli saapuvat paikalle.<\/p>\n<p class=\"paragraph\">\u2013 T\u00e4n\u00e4\u00e4n l\u00e4hdet\u00e4\u00e4n Koreaan yll\u00e4tt\u00e4m\u00e4\u00e4n Leo, Joel kertoo videolla.<\/p>\n<p class=\"paragraph\">Jos julkaisu ei n\u00e4y, voit katsoa sen <a href=\"https:\/\/www.instagram.com\/p\/DR9PDQvkntp\/\" rel=\"noopener nofollow\" target=\"_blank\">t\u00e4st\u00e4 linkist\u00e4<\/a>.<\/p>\n<p class=\"paragraph\">Videolla n\u00e4ytet\u00e4\u00e4n, kuinka seurue matkaa koneella Koreaan. 12 tunnin lennon j\u00e4lkeen j\u00e4nnityst\u00e4 on jo ilmassa.<\/p>\n<p class=\"paragraph\">\u2013 Huh, muakin j\u00e4nnitt\u00e4\u00e4 jo v\u00e4h\u00e4n, Joel kertoo videolla.<\/p>\n<p class=\"paragraph\">Lentokent\u00e4lt\u00e4 Joel ja Leena suuntaavat taksilla kohti Leon majapaikkaa.<\/p>\n<p class=\"paragraph\">\u2013 Ollaan t\u00e4ss\u00e4 ulkopuolella. J\u00e4nnitt\u00e4\u00e4 ihan sikana, Joel kuvailee hetki ennen Leon asunnolle saapumista.<\/p>\n<p class=\"paragraph\">Kun Leo avaa videolla oven, h\u00e4n n\u00e4ytt\u00e4\u00e4 yll\u00e4ttyneelt\u00e4. H\u00e4mmentynyt Leo poistuu aluksi paikalta.<\/p>\n<p class=\"paragraph\">\u2013 M\u00e4 arvasin, Leo sanoo.<\/p>\n<p class=\"paragraph\">\u2013 Niin arvasit, Joel nauraa.<\/p>\n<p class=\"paragraph\">Leo toivottaa perheens\u00e4 tervetulleeksi asuntoon, mink\u00e4 j\u00e4lkeen h\u00e4n halaa heit\u00e4.<\/p>\n<p class=\"paragraph\">\u2013 Yll\u00e4tys onnistui niin t\u00e4ydellisesti, Leo meni ihan shokkiin, Joel kiteytt\u00e4\u00e4 videon lopuksi.<\/p>\n<p class=\"paragraph\">\u2013 Se sanoi j\u00e4lkeenp\u00e4in, ett\u00e4 v\u00e4h\u00e4n outoa, ettei se tullut halaamaan. H\u00e4n juoksi karkuun, kun meni niin shokkiin. Mutta onnistunut setti, Joel p\u00e4\u00e4tt\u00e4\u00e4 hymyillen.<\/p>\n<p><script async src=\"\/\/www.instagram.com\/embed.js\"><\/script><\/p>\n","protected":false},"excerpt":{"rendered":"Joel Harkimon pikkuveli Leo on vaihdossa Koreassa. Joel ja Leena Harkimo. ATTE KAJOVA Yritt\u00e4j\u00e4 Joel Harkimo ja h\u00e4nen&hellip;\n","protected":false},"author":2,"featured_media":19108,"comment_status":"","ping_status":"","sticky":false,"template":"","format":"standard","meta":{"footnotes":""},"categories":[136],"tags":[35,407,137,33,31,30,101,408,99,100,98,32,3342,109],"class_list":{"0":"post-110085","1":"post","2":"type-post","3":"status-publish","4":"format-standard","5":"has-post-thumbnail","7":"category-julkkikset","8":"tag-24h","9":"tag-celebrities","10":"tag-entertainment","11":"tag-fi","12":"tag-finland","13":"tag-finnish","14":"tag-ihmissuhteet","15":"tag-julkkikset","16":"tag-lapset","17":"tag-lapset-ja-nuoret","18":"tag-perhe","19":"tag-suomi","20":"tag-vanhemmuus","21":"tag-viihde"},"share_on_mastodon":{"url":"https:\/\/pubeurope.com\/@fi\/115678445926317462","error":""},"_links":{"self":[{"href":"https:\/\/www.europesays.com\/fi\/wp-json\/wp\/v2\/posts\/110085","targetHints":{"allow":["GET"]}}],"collection":[{"href":"https:\/\/www.europesays.com\/fi\/wp-json\/wp\/v2\/posts"}],"about":[{"href":"https:\/\/www.europesays.com\/fi\/wp-json\/wp\/v2\/types\/post"}],"author":[{"embeddable":true,"href":"https:\/\/www.europesays.com\/fi\/wp-json\/wp\/v2\/users\/2"}],"replies":[{"embeddable":true,"href":"https:\/\/www.europesays.com\/fi\/wp-json\/wp\/v2\/comments?post=110085"}],"version-history":[{"count":0,"href":"https:\/\/www.europesays.com\/fi\/wp-json\/wp\/v2\/posts\/110085\/revisions"}],"wp:featuredmedia":[{"embeddable":true,"href":"https:\/\/www.europesays.com\/fi\/wp-json\/wp\/v2\/media\/19108"}],"wp:attachment":[{"href":"https:\/\/www.europesays.com\/fi\/wp-json\/wp\/v2\/media?parent=110085"}],"wp:term":[{"taxonomy":"category","embeddable":true,"href":"https:\/\/www.europesays.com\/fi\/wp-json\/wp\/v2\/categories?post=110085"},{"taxonomy":"post_tag","embeddable":true,"href":"https:\/\/www.europesays.com\/fi\/wp-json\/wp\/v2\/tags?post=110085"}],"curies":[{"name":"wp","href":"https:\/\/api.w.org\/{rel}","templated":true}]}}