{"id":110086,"date":"2025-12-07T13:15:14","date_gmt":"2025-12-07T13:15:14","guid":{"rendered":"https:\/\/www.europesays.com\/fi\/110086\/"},"modified":"2025-12-07T13:15:14","modified_gmt":"2025-12-07T13:15:14","slug":"hurja-taistelu-suvi-minkkinen-menetti-voiton-lopussa","status":"publish","type":"post","link":"https:\/\/www.europesays.com\/fi\/110086\/","title":{"rendered":"Hurja taistelu! Suvi Minkkinen menetti voiton lopussa"},"content":{"rendered":"<p><a href=\"https:\/\/www.iltalehti.fi\/talviurheilu\" class=\"breadcrumb breadcrumb-urheilu\" rel=\"nofollow noopener\" target=\"_blank\">Talviurheilu<\/a><\/p>\n<p>IL seurasi naisten ampumahiihdon takaa-ajokilpailua, joka k\u00e4ytiin \u00d6stersundissa. <\/p>\n<p><img decoding=\"async\" class=\"image image-show image-preview\" src=\"https:\/\/www.europesays.com\/fi\/wp-content\/uploads\/2025\/12\/e4b0a9a8cf7b44f7f7c5bc50165cc151c156cdefe60f880b0d835fc742fe4859.jpg\" alt=\"\"\/><img decoding=\"async\" class=\"image image-show\" src=\"https:\/\/www.europesays.com\/fi\/wp-content\/uploads\/2025\/12\/1765113312_941_e4b0a9a8cf7b44f7f7c5bc50165cc151c156cdefe60f880b0d835fc742fe4859.jpg\" alt=\"\"\/><\/p>\n<p>Suvi Minkkinen taipui kakkoseksi takaa-ajokilpailussa. Voiton vei suomalaisen nen\u00e4n edest\u00e4 It\u00e4vallan Lisa Hauser. EPA \/ AOP<\/p>\n<p><a href=\"https:\/\/www.iltalehti.fi\/kirjoittajat\/Sami Pilvinen\" rel=\"nofollow noopener\" target=\"_blank\"><img decoding=\"async\" class=\"author-image-img\" alt=\"Tekij\u00e4n kuva\" src=\"https:\/\/www.europesays.com\/fi\/wp-content\/uploads\/2025\/12\/7e5e974a56ebe7da560ece4a5844f89295a88419b6ac17a59bf8a3277d4e76d1.png\"\/><\/a><\/p>\n<p>T\u00e4n\u00e4\u00e4n klo 14:36 (p\u00e4ivitetty klo 15:06)<\/p>\n<ul>\n<li>14.15 naisten takaa-ajokilpailu 10 km<\/li>\n<li>Perjantain pikakisan voittanut Suvi Minkkinen p\u00e4\u00e4si ladulle mukavasta johtoasemasta<\/li>\n<\/ul>\n<p>Liveseuranta<\/p>\n<p>Uusin ensinVanhin ensin<\/p>\n<p>Ei vanhempia p\u00e4ivityksi\u00e4<\/p>\n<p><a href=\"https:\/\/www.iltalehti.fi\/telkku\/?utm_source=iltalehti.fi&amp;utm_medium=almainternal&amp;utm_campaign=urheilu_artikkelibanneri&amp;utm_content=banner_612_a\" rel=\"nofollow noopener\" target=\"_blank\"><img decoding=\"async\" src=\"https:\/\/www.europesays.com\/fi\/wp-content\/uploads\/2025\/08\/7ef604e47d46ca174b7df4149bd3557dbde56a86d520f8e1b2125548b0a2e03a.png\" alt=\"TV-ohjelmat t\u00e4n\u00e4\u00e4n, TV-opas\"\/><\/a><\/p>\n","protected":false},"excerpt":{"rendered":"Talviurheilu IL seurasi naisten ampumahiihdon takaa-ajokilpailua, joka k\u00e4ytiin \u00d6stersundissa. Suvi Minkkinen taipui kakkoseksi takaa-ajokilpailussa. Voiton vei suomalaisen nen\u00e4n&hellip;\n","protected":false},"author":2,"featured_media":110087,"comment_status":"","ping_status":"","sticky":false,"template":"","format":"standard","meta":{"footnotes":""},"categories":[158],"tags":[35,33,31,30,2096,41,3318,2668,159,32,160,161],"class_list":{"0":"post-110086","1":"post","2":"type-post","3":"status-publish","4":"format-standard","5":"has-post-thumbnail","7":"category-urheilu","8":"tag-24h","9":"tag-fi","10":"tag-finland","11":"tag-finnish","12":"tag-hiihtolajit","13":"tag-liikunta-ja-urheilu","14":"tag-maastohiihto","15":"tag-pohjoismaiset-hiihtolajit","16":"tag-sports","17":"tag-suomi","18":"tag-urheilu","19":"tag-urheilutapahtumat"},"share_on_mastodon":{"url":"https:\/\/pubeurope.com\/@fi\/115678473703207449","error":""},"_links":{"self":[{"href":"https:\/\/www.europesays.com\/fi\/wp-json\/wp\/v2\/posts\/110086","targetHints":{"allow":["GET"]}}],"collection":[{"href":"https:\/\/www.europesays.com\/fi\/wp-json\/wp\/v2\/posts"}],"about":[{"href":"https:\/\/www.europesays.com\/fi\/wp-json\/wp\/v2\/types\/post"}],"author":[{"embeddable":true,"href":"https:\/\/www.europesays.com\/fi\/wp-json\/wp\/v2\/users\/2"}],"replies":[{"embeddable":true,"href":"https:\/\/www.europesays.com\/fi\/wp-json\/wp\/v2\/comments?post=110086"}],"version-history":[{"count":0,"href":"https:\/\/www.europesays.com\/fi\/wp-json\/wp\/v2\/posts\/110086\/revisions"}],"wp:featuredmedia":[{"embeddable":true,"href":"https:\/\/www.europesays.com\/fi\/wp-json\/wp\/v2\/media\/110087"}],"wp:attachment":[{"href":"https:\/\/www.europesays.com\/fi\/wp-json\/wp\/v2\/media?parent=110086"}],"wp:term":[{"taxonomy":"category","embeddable":true,"href":"https:\/\/www.europesays.com\/fi\/wp-json\/wp\/v2\/categories?post=110086"},{"taxonomy":"post_tag","embeddable":true,"href":"https:\/\/www.europesays.com\/fi\/wp-json\/wp\/v2\/tags?post=110086"}],"curies":[{"name":"wp","href":"https:\/\/api.w.org\/{rel}","templated":true}]}}