{"id":110088,"date":"2025-12-07T13:16:11","date_gmt":"2025-12-07T13:16:11","guid":{"rendered":"https:\/\/www.europesays.com\/fi\/110088\/"},"modified":"2025-12-07T13:16:11","modified_gmt":"2025-12-07T13:16:11","slug":"antonio-flores-jatti-kalsarinsa-vessaan-ensimmaisissa-linnan-juhlissaan","status":"publish","type":"post","link":"https:\/\/www.europesays.com\/fi\/110088\/","title":{"rendered":"Antonio Flores j\u00e4tti kalsarinsa vessaan ensimm\u00e4isiss\u00e4 Linnan juhlissaan"},"content":{"rendered":"<p>Kampaamoyritt\u00e4j\u00e4 <strong>Antonio Flores<\/strong> saapui puolisonsa <strong>Pekka Haaviston<\/strong> kanssa ensimm\u00e4isiin Linnan juhliinsa vuonna 2005.<\/p>\n<p><a href=\"https:\/\/www.iltalehti.fi\/viihdeuutiset\/a\/eb3dbbfc-3306-46ab-a6c3-72044920c2df\" target=\"_blank\" rel=\"noreferrer noopener nofollow\">Iltalehden mukaan<\/a> Haavisto oli varoittanut kumppaniaan vastaanoton hikisest\u00e4 tunnelmasta, mutta Flores ei neuvoa kuunnellut.<\/p>\n<p>Lue my\u00f6s: <a href=\"https:\/\/www.voice.fi\/ilmiot\/oletko-maistanut-vetya-lappeenrannan-erikoisuus-tarjolla-linnan-juhlissa\" title=\"Oletko maistanut vety\u00e4? Lappeenrannan erikoisuus tarjolla Linnan juhlissa\" class=\"underline-custom !font-montserrat !font-bold !underline-offset-4 !decoration-4 !decoration-tilt-light !text-md\" rel=\"nofollow noopener\" target=\"_blank\">Oletko maistanut vety\u00e4? Lappeenrannan erikoisuus tarjolla Linnan juhlissa<\/a><\/p>\n<p>Lue my\u00f6s: <a href=\"https:\/\/www.voice.fi\/ilmiot\/a-135665\" title=\"Tavallisen kansan &quot;Linnan juhlat&quot; j\u00e4rjestettiin huoltoasemalla \u2013 katso hauska video!\" class=\"underline-custom !font-montserrat !font-bold !underline-offset-4 !decoration-4 !decoration-tilt-light !text-md\" rel=\"nofollow noopener\" target=\"_blank\">Tavallisen kansan &#8221;Linnan juhlat&#8221; j\u00e4rjestettiin huoltoasemalla \u2013 katso hauska video!<\/a><\/p>\n<p>H\u00e4n puki jalkaansa pitk\u00e4t kalsarit.<\/p>\n<p>Flores kertoi paikalle saavuttuaan huomanneensa Haaviston puhuneen totta: juhlissa oli hirvitt\u00e4v\u00e4n kuuma.<\/p>\n<p>Flores ei j\u00e4\u00e4nyt neuvottomaksi, vaan p\u00e4\u00e4tti helpottaa juhlatunnelmaansa.<\/p>\n<p>\u2013 Kalsarit j\u00e4iv\u00e4t Linnan vessaan.<\/p>\n<p>Lue my\u00f6s: <a href=\"https:\/\/www.voice.fi\/hyvinvointi\/a-164248\" title=\"Kuusi tyypillist\u00e4 virhett\u00e4 alushousujen k\u00e4yt\u00f6ss\u00e4 \u2013 eth\u00e4n sorru?\" class=\"underline-custom !font-montserrat !font-bold !underline-offset-4 !decoration-4 !decoration-tilt-light !text-md\" rel=\"nofollow noopener\" target=\"_blank\">Kuusi tyypillist\u00e4 virhett\u00e4 alushousujen k\u00e4yt\u00f6ss\u00e4 \u2013 eth\u00e4n sorru?<\/a><\/p>\n<p>Lue my\u00f6s: <a href=\"https:\/\/www.voice.fi\/ilmiot\/setan-puheenjohtajan-linnan-juhlien-asu-on-nimeltaan-pyha-alapaa\" title=\"Setan puheenjohtajan Linnan juhlien asu on nimelt\u00e4\u00e4n \u201dpyh\u00e4 alap\u00e4\u00e4\u201d\" class=\"underline-custom !font-montserrat !font-bold !underline-offset-4 !decoration-4 !decoration-tilt-light !text-md\" rel=\"nofollow noopener\" target=\"_blank\">Setan puheenjohtajan Linnan juhlien asu on nimelt\u00e4\u00e4n \u201dpyh\u00e4 alap\u00e4\u00e4\u201d<\/a><\/p>\n<p>Sittemmin pariskunta on vieraillut itsen\u00e4isyysp\u00e4iv\u00e4n vastaanotolla useaan kertaan, ja nyky\u00e4\u00e4n pukeutumisen kanssa ei tule en\u00e4\u00e4 samanlaisia pulmia.<\/p>\n<p>Flores pit\u00e4\u00e4 tyylikokeiluista ja v\u00e4reist\u00e4. H\u00e4n kertoo ihailleensa balettitanssija <strong>Atte Kilpisen<\/strong> upeaa pinkki\u00e4 asua, ja haluaisi itsekin pukeutua samansuuntaisesti.<\/p>\n<p>\u2013 Pekka ei ole antanut minun pukea mit\u00e4\u00e4n kimaltelevaa. Ehk\u00e4 joku p\u00e4iv\u00e4 voin pukea kirkkaan vihre\u00e4n puvun.<\/p>\n<p>Haavisto sanoo olevansa perheen konservatiivi v\u00e4rien suhteen. Flores huolehtii h\u00e4nen tyylins\u00e4 yksityiskohdista juhlap\u00e4iv\u00e4n\u00e4 laittamalla h\u00e4nen hiuksensa ja siistim\u00e4ll\u00e4 kulmakarvat.<\/p>\n<p>My\u00f6s aurinkopuuteria t\u00e4ytyy laittaa, koska kirkkaissa valoissa n\u00e4ytt\u00e4\u00e4 muuten helposti kalpealta.<\/p>\n<p>\u2013 Antonio on aina sanonut, ett\u00e4 <strong>Donald Trumpista<\/strong> pit\u00e4\u00e4 ottaa esimerkki\u00e4.<\/p>\n","protected":false},"excerpt":{"rendered":"Kampaamoyritt\u00e4j\u00e4 Antonio Flores saapui puolisonsa Pekka Haaviston kanssa ensimm\u00e4isiin Linnan juhliinsa vuonna 2005. Iltalehden mukaan Haavisto oli varoittanut&hellip;\n","protected":false},"author":2,"featured_media":110089,"comment_status":"","ping_status":"","sticky":false,"template":"","format":"standard","meta":{"footnotes":""},"categories":[130],"tags":[137,33,31,30,20521,14062,32,17792,109],"class_list":{"0":"post-110088","1":"post","2":"type-post","3":"status-publish","4":"format-standard","5":"has-post-thumbnail","7":"category-viihde","8":"tag-entertainment","9":"tag-fi","10":"tag-finland","11":"tag-finnish","12":"tag-kalsarit","13":"tag-linnan-juhlat","14":"tag-suomi","15":"tag-vessa","16":"tag-viihde"},"share_on_mastodon":{"url":"https:\/\/pubeurope.com\/@fi\/115678477208779515","error":""},"_links":{"self":[{"href":"https:\/\/www.europesays.com\/fi\/wp-json\/wp\/v2\/posts\/110088","targetHints":{"allow":["GET"]}}],"collection":[{"href":"https:\/\/www.europesays.com\/fi\/wp-json\/wp\/v2\/posts"}],"about":[{"href":"https:\/\/www.europesays.com\/fi\/wp-json\/wp\/v2\/types\/post"}],"author":[{"embeddable":true,"href":"https:\/\/www.europesays.com\/fi\/wp-json\/wp\/v2\/users\/2"}],"replies":[{"embeddable":true,"href":"https:\/\/www.europesays.com\/fi\/wp-json\/wp\/v2\/comments?post=110088"}],"version-history":[{"count":0,"href":"https:\/\/www.europesays.com\/fi\/wp-json\/wp\/v2\/posts\/110088\/revisions"}],"wp:featuredmedia":[{"embeddable":true,"href":"https:\/\/www.europesays.com\/fi\/wp-json\/wp\/v2\/media\/110089"}],"wp:attachment":[{"href":"https:\/\/www.europesays.com\/fi\/wp-json\/wp\/v2\/media?parent=110088"}],"wp:term":[{"taxonomy":"category","embeddable":true,"href":"https:\/\/www.europesays.com\/fi\/wp-json\/wp\/v2\/categories?post=110088"},{"taxonomy":"post_tag","embeddable":true,"href":"https:\/\/www.europesays.com\/fi\/wp-json\/wp\/v2\/tags?post=110088"}],"curies":[{"name":"wp","href":"https:\/\/api.w.org\/{rel}","templated":true}]}}