{"id":110090,"date":"2025-12-07T13:19:09","date_gmt":"2025-12-07T13:19:09","guid":{"rendered":"https:\/\/www.europesays.com\/fi\/110090\/"},"modified":"2025-12-07T13:19:09","modified_gmt":"2025-12-07T13:19:09","slug":"auto-suistui-katolleen-ojaan-aanekoskella-pelastuslaitos-ohjaa-liikennetta-paikalliset","status":"publish","type":"post","link":"https:\/\/www.europesays.com\/fi\/110090\/","title":{"rendered":"Auto suistui katolleen ojaan \u00c4\u00e4nekoskella \u2013 pelastuslaitos ohjaa liikennett\u00e4 | Paikalliset"},"content":{"rendered":"<p>Henkil\u00f6auto suistui katolleen ojaan \u00c4\u00e4nekoskella Suonenjoentiell\u00e4 kello yhden aikaan sunnuntaina. Auton kyydiss\u00e4 oli vain kuljettaja, joka p\u00e4\u00e4si autosta omin avuin ulos. Onnettomuudessa ei ollut muita osallisia.<\/p>\n<p>Tilanne hidastaa hieman muun liikenteen kulkemista, sill\u00e4 toinen kaista on hetkellisesti pois k\u00e4yt\u00f6st\u00e4. Keski-Suomen pelastuslaitoksen yksik\u00f6t ohjaavat liikennett\u00e4 onnettomuuspaikalla.<\/p>\n","protected":false},"excerpt":{"rendered":"Henkil\u00f6auto suistui katolleen ojaan \u00c4\u00e4nekoskella Suonenjoentiell\u00e4 kello yhden aikaan sunnuntaina. Auton kyydiss\u00e4 oli vain kuljettaja, joka p\u00e4\u00e4si autosta&hellip;\n","protected":false},"author":2,"featured_media":110091,"comment_status":"","ping_status":"","sticky":false,"template":"","format":"standard","meta":{"footnotes":""},"categories":[76],"tags":[12845,7138,79,77,33,31,30,121,837,120,123,54,32,78],"class_list":{"0":"post-110090","1":"post","2":"type-post","3":"status-publish","4":"format-standard","5":"has-post-thumbnail","7":"category-talous","8":"tag-aanekosken-seutukunta","9":"tag-aanekoski","10":"tag-business","11":"tag-economy","12":"tag-fi","13":"tag-finland","14":"tag-finnish","15":"tag-liikenne-ja-kuljetus","16":"tag-onnettomuudet","17":"tag-onnettomuustapaus","18":"tag-palo-ja-pelastustoimi","19":"tag-pelastuspalvelut","20":"tag-suomi","21":"tag-talous"},"share_on_mastodon":{"url":"https:\/\/pubeurope.com\/@fi\/115678489255701103","error":""},"_links":{"self":[{"href":"https:\/\/www.europesays.com\/fi\/wp-json\/wp\/v2\/posts\/110090","targetHints":{"allow":["GET"]}}],"collection":[{"href":"https:\/\/www.europesays.com\/fi\/wp-json\/wp\/v2\/posts"}],"about":[{"href":"https:\/\/www.europesays.com\/fi\/wp-json\/wp\/v2\/types\/post"}],"author":[{"embeddable":true,"href":"https:\/\/www.europesays.com\/fi\/wp-json\/wp\/v2\/users\/2"}],"replies":[{"embeddable":true,"href":"https:\/\/www.europesays.com\/fi\/wp-json\/wp\/v2\/comments?post=110090"}],"version-history":[{"count":0,"href":"https:\/\/www.europesays.com\/fi\/wp-json\/wp\/v2\/posts\/110090\/revisions"}],"wp:featuredmedia":[{"embeddable":true,"href":"https:\/\/www.europesays.com\/fi\/wp-json\/wp\/v2\/media\/110091"}],"wp:attachment":[{"href":"https:\/\/www.europesays.com\/fi\/wp-json\/wp\/v2\/media?parent=110090"}],"wp:term":[{"taxonomy":"category","embeddable":true,"href":"https:\/\/www.europesays.com\/fi\/wp-json\/wp\/v2\/categories?post=110090"},{"taxonomy":"post_tag","embeddable":true,"href":"https:\/\/www.europesays.com\/fi\/wp-json\/wp\/v2\/tags?post=110090"}],"curies":[{"name":"wp","href":"https:\/\/api.w.org\/{rel}","templated":true}]}}