{"id":110098,"date":"2025-12-07T13:34:11","date_gmt":"2025-12-07T13:34:11","guid":{"rendered":"https:\/\/www.europesays.com\/fi\/110098\/"},"modified":"2025-12-07T13:34:11","modified_gmt":"2025-12-07T13:34:11","slug":"tekiko-joni-sanna-marinin-linnan-juhla-kampauksen","status":"publish","type":"post","link":"https:\/\/www.europesays.com\/fi\/110098\/","title":{"rendered":"Tekik\u00f6 Joni Sanna Marinin Linnan juhla -kampauksen?"},"content":{"rendered":"<p>Marin kertoo asiasta somessa.<\/p>\n<p class=\"article-body mb-nof-24 px-nof-16\">Entinen p\u00e4\u00e4ministeri <a class=\"article-personlink\" href=\"https:\/\/www.is.fi\/haku\/?query=Sanna%20Marin\" rel=\"nofollow noopener\" target=\"_blank\">Sanna Marin<\/a> juhli Suomen itsen\u00e4isyysp\u00e4iv\u00e4\u00e4 hopeisessa iltapuvussa, joka oli <a class=\"article-personlink\" href=\"https:\/\/www.is.fi\/haku\/?query=Anne-Mari%20Pahkalan\" rel=\"nofollow noopener\" target=\"_blank\">Anne-Mari Pahkalan<\/a> suunnittelema. Silkkinen puku on saanut inspiraationsa Anmai-br\u00e4ndin mallistosta ja tehty mittatilausty\u00f6n\u00e4.<\/p>\n<p class=\"article-body mb-nof-24 px-nof-16\">Marin julkaisi somessa <a class=\"article-genericlink\" href=\"https:\/\/www.instagram.com\/stories\/joni.willberg\/\" rel=\"nofollow noopener\" target=\"_blank\">kuvan<\/a>, johon h\u00e4n on mit\u00e4 ilmeisimmin merkinnyt tiimins\u00e4 j\u00e4senten nimet. Kuvan perusteella n\u00e4ytt\u00e4\u00e4 silt\u00e4, ett\u00e4 Marinin kampauksen on t\u00e4n\u00e4kin vuonna tehnyt kampaaja <a class=\"article-personlink\" href=\"https:\/\/www.is.fi\/haku\/?query=Joni%20Willberg\" rel=\"nofollow noopener\" target=\"_blank\">Joni Willberg<\/a>.<\/p>\n<p class=\"article-body mb-nof-24 px-nof-16\">Willberg on tunnettu Marinin \u201dkampaajarakkaana\u201d, mutta kaksikon v\u00e4lit ovat her\u00e4tt\u00e4neet kysymyksi\u00e4 viime aikoina.<\/p>\n<p class=\"article-body mb-nof-24 px-nof-16\">Syksyll\u00e4 uutisoitiin, ett\u00e4 Willberg oli kadonnut Marinin somesta. Kes\u00e4ll\u00e4 2024 Willberg esiintyi Marinin p\u00e4ivityksiss\u00e4 tiuhaan. <a class=\"article-genericlink\" href=\"https:\/\/app.seiska.fi\/story\/1937504\/content.html\" rel=\"nofollow noopener\" target=\"_blank\">Seiska<\/a> tosin uutisoi syyskuussa, ett\u00e4 lukija oli bongannut kaksikon Helsingin T\u00f6\u00f6l\u00f6st\u00e4.<\/p>\n<p class=\"article-body mb-nof-24 px-nof-16\">Marraskuussa tosin uutisoitiin, ett\u00e4 Marin juhli Helsingin y\u00f6ss\u00e4 yst\u00e4viens\u00e4 kanssa edustettuaan p\u00e4iv\u00e4ll\u00e4 kahdessa eri tapahtumassa uuden Toivo on tekoja- kirjansa tiimoilta.<\/p>\n<p class=\"article-body mb-nof-24 px-nof-16\">IS:n tietojen mukaan Marin vietti iltaa tuolloin H2O2-y\u00f6kerhossa suurella seurueella. Seurueeseen kuuluivat sek\u00e4 Marinin ex-aviomies <a class=\"article-personlink\" href=\"https:\/\/www.is.fi\/haku\/?query=Markus%20R%C3%A4ikk%C3%B6nen\" rel=\"nofollow noopener\" target=\"_blank\">Markus R\u00e4ikk\u00f6nen<\/a> ett\u00e4 Joni Willberg.<\/p>\n<p class=\"article-body mb-nof-24 px-nof-16\">Marin ja Willberg eiv\u00e4t ole kommentoineet v\u00e4lej\u00e4\u00e4n julkisuudessa, mutta eiv\u00e4t he yhdess\u00e4oloaan piilotelleetkaan. IS:n tietojen mukaan he alkoivat viihty\u00e4 toistensa seurassa ainakin kes\u00e4st\u00e4 2023 l\u00e4htien.<\/p>\n<p><img decoding=\"async\" src=\"https:\/\/www.europesays.com\/fi\/wp-content\/uploads\/2025\/12\/1765114451_594_468.jpg\" alt=\"Sanna Marin juhli poninh\u00e4nt\u00e4kampauksessa.\" class=\"_Img_1rerz_1\" style=\"aspect-ratio:0.6666666666666666\" loading=\"eager\"\/><\/p>\n<p class=\"article-picture-caption\">Sanna Marin juhli poninh\u00e4nt\u00e4kampauksessa. Kuva:\u00a0Juha Salminen \/ HS<\/p>\n<p class=\"article-body mb-nof-24 px-nof-16\">My\u00f6s viime vuonna Willberg vastasi Marinin Linnan juhlien kampauksesta. Marin kertoi tuolloin MTV:lle, millaiset terveiset Willberg oli antanut h\u00e4nelle illanviettoa varten:<\/p>\n<p class=\"article-body mb-nof-24 px-nof-16\">\u2013 Sanoi, ett\u00e4 \u00e4l\u00e4 haro liikaa hiuksia. Minulla on v\u00e4h\u00e4n huono tapa haroa n\u00e4it\u00e4 etuhiuksiani. Ehk\u00e4 se, ett\u00e4 kampaus pysyisi hyv\u00e4n\u00e4 illan aikana, Marin kertoi MTV:n haastattelussa.<\/p>\n<p><script async src=\"\/\/www.instagram.com\/embed.js\"><\/script><\/p>\n","protected":false},"excerpt":{"rendered":"Marin kertoo asiasta somessa. Entinen p\u00e4\u00e4ministeri Sanna Marin juhli Suomen itsen\u00e4isyysp\u00e4iv\u00e4\u00e4 hopeisessa iltapuvussa, joka oli Anne-Mari Pahkalan suunnittelema.&hellip;\n","protected":false},"author":2,"featured_media":110099,"comment_status":"","ping_status":"","sticky":false,"template":"","format":"standard","meta":{"footnotes":""},"categories":[136],"tags":[407,137,33,31,30,34,408,32,109],"class_list":{"0":"post-110098","1":"post","2":"type-post","3":"status-publish","4":"format-standard","5":"has-post-thumbnail","7":"category-julkkikset","8":"tag-celebrities","9":"tag-entertainment","10":"tag-fi","11":"tag-finland","12":"tag-finnish","13":"tag-ilta-sanomat","14":"tag-julkkikset","15":"tag-suomi","16":"tag-viihde"},"share_on_mastodon":{"url":"https:\/\/pubeurope.com\/@fi\/115678548316302861","error":""},"_links":{"self":[{"href":"https:\/\/www.europesays.com\/fi\/wp-json\/wp\/v2\/posts\/110098","targetHints":{"allow":["GET"]}}],"collection":[{"href":"https:\/\/www.europesays.com\/fi\/wp-json\/wp\/v2\/posts"}],"about":[{"href":"https:\/\/www.europesays.com\/fi\/wp-json\/wp\/v2\/types\/post"}],"author":[{"embeddable":true,"href":"https:\/\/www.europesays.com\/fi\/wp-json\/wp\/v2\/users\/2"}],"replies":[{"embeddable":true,"href":"https:\/\/www.europesays.com\/fi\/wp-json\/wp\/v2\/comments?post=110098"}],"version-history":[{"count":0,"href":"https:\/\/www.europesays.com\/fi\/wp-json\/wp\/v2\/posts\/110098\/revisions"}],"wp:featuredmedia":[{"embeddable":true,"href":"https:\/\/www.europesays.com\/fi\/wp-json\/wp\/v2\/media\/110099"}],"wp:attachment":[{"href":"https:\/\/www.europesays.com\/fi\/wp-json\/wp\/v2\/media?parent=110098"}],"wp:term":[{"taxonomy":"category","embeddable":true,"href":"https:\/\/www.europesays.com\/fi\/wp-json\/wp\/v2\/categories?post=110098"},{"taxonomy":"post_tag","embeddable":true,"href":"https:\/\/www.europesays.com\/fi\/wp-json\/wp\/v2\/tags?post=110098"}],"curies":[{"name":"wp","href":"https:\/\/api.w.org\/{rel}","templated":true}]}}