{"id":110108,"date":"2025-12-07T13:47:08","date_gmt":"2025-12-07T13:47:08","guid":{"rendered":"https:\/\/www.europesays.com\/fi\/110108\/"},"modified":"2025-12-07T13:47:08","modified_gmt":"2025-12-07T13:47:08","slug":"lahdessa-paloi-palvelutalo-asukkaita-evakuoitiin-paijat-hame","status":"publish","type":"post","link":"https:\/\/www.europesays.com\/fi\/110108\/","title":{"rendered":"Lahdessa paloi palvelutalo \u2013 asukkaita evakuoitiin | P\u00e4ij\u00e4t-H\u00e4me"},"content":{"rendered":"<p class=\"aw-1gybjub aw-5vja16 kEtdKx kmuxyA yle__article__paragraph\">Pelastuslaitoksen ja palvelutalon henkil\u00f6kunnan ripe\u00e4n toiminnan ansiosta henkil\u00f6vahinkoja ei sattunut.<\/p>\n<p><img decoding=\"async\" alt=\"Kuvassa n\u00e4kyy kerrostaloalue, jossa pelastusajoneuvoja on pys\u00e4k\u00f6ityn\u00e4 talojen edustalle.\" src=\"https:\/\/www.europesays.com\/fi\/wp-content\/uploads\/2025\/12\/39-156580569357838d49f7.jpeg\" class=\"aw-1l9m598 hKVVvP\"\/><\/p>\n<p>Avaa kuvien katselu<\/p>\n<p>Talon oma sammutusj\u00e4rjestelm\u00e4 laukesi palon vuoksi ja rajoitti vahinkoja. Kuva: Petri Niemi \/ Yle<\/p>\n<p class=\"aw-1gybjub aw-1p7kakr kEtdKx cEmitX yle__article__paragraph\">Lahden Hein\u00e4kadulla sijaitsevassa Validian palvelutalossa syttyi tulipalo sunnuntaina aamup\u00e4iv\u00e4ll\u00e4. Palon vuoksi palvelutalon ihmisi\u00e4 evakuoitiin.<\/p>\n<p class=\"aw-1gybjub aw-1p7kakr kEtdKx cEmitX yle__article__paragraph\">Palo syttyi rakennuksen nelj\u00e4nness\u00e4 kerroksessa sijaitsevassa huoneessa.<\/p>\n<p class=\"aw-1gybjub aw-1p7kakr kEtdKx cEmitX yle__article__paragraph\">Pelastuslaitoksen ja palvelutalon henkil\u00f6kunnan ripe\u00e4n toiminnan ansiosta henkil\u00f6vahinkoja ei sattunut. P\u00e4ivyst\u00e4v\u00e4n palomestarin mukaan ensihoito tarkisti joidenkin asukkaiden kunnnon palvelukodin pihalla olleissa ambulansseissa.<\/p>\n<p class=\"aw-1gybjub aw-1p7kakr kEtdKx cEmitX yle__article__paragraph\">Palo ja sammutusvesi vaurioittivat rakennuksen sis\u00e4tiloja. Talon oma sammutusj\u00e4rjestelm\u00e4 laukesi palon vuoksi ja rajoitti vahinkoja.<\/p>\n<p class=\"aw-1gybjub aw-1p7kakr kEtdKx cEmitX yle__article__paragraph\">P\u00e4ivyst\u00e4v\u00e4n palomestarin mukaan kaikkia nelj\u00e4nnen kerroksen huoneistoja ei tarvinnut tyhjent\u00e4\u00e4. Toisiin turvallisiin tiloihin rakennuksen alakertaan siirrettiin seitsem\u00e4n asukasta.<\/p>\n<p class=\"aw-1gybjub aw-1p7kakr kEtdKx cEmitX yle__article__paragraph\">Evakuoinnin hoitivat palvelutalon ty\u00f6ntekij\u00e4t ja pelastuslaitoksen henkil\u00f6kunta. Asukkaat siirrettiin porrask\u00e4yt\u00e4vi\u00e4 pitkin, koska hisseist\u00e4 olivat s\u00e4hk\u00f6t poikki. Palon syttymissyyt\u00e4 ei viel\u00e4 tiedet\u00e4.<\/p>\n","protected":false},"excerpt":{"rendered":"Pelastuslaitoksen ja palvelutalon henkil\u00f6kunnan ripe\u00e4n toiminnan ansiosta henkil\u00f6vahinkoja ei sattunut. Avaa kuvien katselu Talon oma sammutusj\u00e4rjestelm\u00e4 laukesi palon&hellip;\n","protected":false},"author":2,"featured_media":110109,"comment_status":"","ping_status":"","sticky":false,"template":"","format":"standard","meta":{"footnotes":""},"categories":[12],"tags":[22,23,26,27,33,31,30,17,24,25,28,29,15,837,18,21,1268,2263,9616,32,19,20,6110,1265,16],"class_list":{"0":"post-110108","1":"post","2":"type-post","3":"status-publish","4":"format-standard","5":"has-post-thumbnail","7":"category-suomi","8":"tag-breaking-news","9":"tag-breakingnews","10":"tag-featured-news","11":"tag-featurednews","12":"tag-fi","13":"tag-finland","14":"tag-finnish","15":"tag-headlines","16":"tag-latest-news","17":"tag-latestnews","18":"tag-main-news","19":"tag-mainnews","20":"tag-news","21":"tag-onnettomuudet","22":"tag-otsikot","23":"tag-paauutiset","24":"tag-paijat-hame","25":"tag-pelastustoimi","26":"tag-rakennuspalo","27":"tag-suomi","28":"tag-top-stories","29":"tag-topstories","30":"tag-tulipalojen-sammuttaminen","31":"tag-tulipalot","32":"tag-uutiset"},"share_on_mastodon":{"url":"https:\/\/pubeurope.com\/@fi\/115678599333437065","error":""},"_links":{"self":[{"href":"https:\/\/www.europesays.com\/fi\/wp-json\/wp\/v2\/posts\/110108","targetHints":{"allow":["GET"]}}],"collection":[{"href":"https:\/\/www.europesays.com\/fi\/wp-json\/wp\/v2\/posts"}],"about":[{"href":"https:\/\/www.europesays.com\/fi\/wp-json\/wp\/v2\/types\/post"}],"author":[{"embeddable":true,"href":"https:\/\/www.europesays.com\/fi\/wp-json\/wp\/v2\/users\/2"}],"replies":[{"embeddable":true,"href":"https:\/\/www.europesays.com\/fi\/wp-json\/wp\/v2\/comments?post=110108"}],"version-history":[{"count":0,"href":"https:\/\/www.europesays.com\/fi\/wp-json\/wp\/v2\/posts\/110108\/revisions"}],"wp:featuredmedia":[{"embeddable":true,"href":"https:\/\/www.europesays.com\/fi\/wp-json\/wp\/v2\/media\/110109"}],"wp:attachment":[{"href":"https:\/\/www.europesays.com\/fi\/wp-json\/wp\/v2\/media?parent=110108"}],"wp:term":[{"taxonomy":"category","embeddable":true,"href":"https:\/\/www.europesays.com\/fi\/wp-json\/wp\/v2\/categories?post=110108"},{"taxonomy":"post_tag","embeddable":true,"href":"https:\/\/www.europesays.com\/fi\/wp-json\/wp\/v2\/tags?post=110108"}],"curies":[{"name":"wp","href":"https:\/\/api.w.org\/{rel}","templated":true}]}}