{"id":110110,"date":"2025-12-07T13:48:07","date_gmt":"2025-12-07T13:48:07","guid":{"rendered":"https:\/\/www.europesays.com\/fi\/110110\/"},"modified":"2025-12-07T13:48:07","modified_gmt":"2025-12-07T13:48:07","slug":"esko-seppanen-on-kuollut","status":"publish","type":"post","link":"https:\/\/www.europesays.com\/fi\/110110\/","title":{"rendered":"Esko Sepp\u00e4nen on kuollut"},"content":{"rendered":"<p>Kuolemasta kertoo h\u00e4nen poikansa Iiro Sepp\u00e4nen.<\/p>\n<p class=\"paragraph\">Entinen poliitikko <strong>Esko Sepp\u00e4nen<\/strong>, 79, on kuollut.<\/p>\n<p class=\"paragraph\">Sepp\u00e4nen oli vasemmistoliittoa edustanut Euroopan parlamentin pitk\u00e4aikainen j\u00e4sen.<\/p>\n<p class=\"paragraph\">H\u00e4n toimi ennen meppiuraansa SKDL:n ja sittemmin vasemmistoliiton kansanedustajana vuosina 1987\u20131996.<\/p>\n<p class=\"paragraph\">Sepp\u00e4sen kuolemasta kertoo h\u00e4nen poikansa <strong>Iiro Sepp\u00e4nen<\/strong> <a href=\"https:\/\/www.instagram.com\/p\/DR9r-UljSSY\/?img_index=1\" target=\"_blank\" rel=\"noopener nofollow\">Instagramissa<\/a>.<\/p>\n<p class=\"paragraph\">\u2013 Raskain syd\u00e4min kerron, ett\u00e4 rakas is\u00e4ni Esko nukkui rauhallisesti pois eilen. H\u00e4n oli sankarini, kallioni ja kiltein tuntemani mies. Kiitos rakkaudesta ja muistoista, is\u00e4. Lep\u00e4\u00e4 rauhassa, Iiro Sepp\u00e4nen kirjoittaa Instagramiin jaetussa julkaisussa.<\/p>\n<p class=\"paragraph\">Julkaisussa on kuvia is\u00e4st\u00e4 ja pojasta.<\/p>\n<p class=\"paragraph\">Uutinen p\u00e4ivittyy.<\/p>\n<p><script async src=\"\/\/www.instagram.com\/embed.js\"><\/script><\/p>\n","protected":false},"excerpt":{"rendered":"Kuolemasta kertoo h\u00e4nen poikansa Iiro Sepp\u00e4nen. Entinen poliitikko Esko Sepp\u00e4nen, 79, on kuollut. Sepp\u00e4nen oli vasemmistoliittoa edustanut Euroopan&hellip;\n","protected":false},"author":2,"featured_media":110111,"comment_status":"","ping_status":"","sticky":false,"template":"","format":"standard","meta":{"footnotes":""},"categories":[5],"tags":[35,22,23,26,27,33,31,30,17,24,25,28,29,15,18,21,142,637,886,888,885,32,19,20,16],"class_list":{"0":"post-110110","1":"post","2":"type-post","3":"status-publish","4":"format-standard","5":"has-post-thumbnail","7":"category-otsikot","8":"tag-24h","9":"tag-breaking-news","10":"tag-breakingnews","11":"tag-featured-news","12":"tag-featurednews","13":"tag-fi","14":"tag-finland","15":"tag-finnish","16":"tag-headlines","17":"tag-latest-news","18":"tag-latestnews","19":"tag-main-news","20":"tag-mainnews","21":"tag-news","22":"tag-otsikot","23":"tag-paauutiset","24":"tag-poliitikot","25":"tag-politiikka","26":"tag-puolueet","27":"tag-suomalaiset-poliitikot","28":"tag-suomen-poliittiset-puolueet","29":"tag-suomi","30":"tag-top-stories","31":"tag-topstories","32":"tag-uutiset"},"share_on_mastodon":{"url":"https:\/\/pubeurope.com\/@fi\/115678603075961240","error":""},"_links":{"self":[{"href":"https:\/\/www.europesays.com\/fi\/wp-json\/wp\/v2\/posts\/110110","targetHints":{"allow":["GET"]}}],"collection":[{"href":"https:\/\/www.europesays.com\/fi\/wp-json\/wp\/v2\/posts"}],"about":[{"href":"https:\/\/www.europesays.com\/fi\/wp-json\/wp\/v2\/types\/post"}],"author":[{"embeddable":true,"href":"https:\/\/www.europesays.com\/fi\/wp-json\/wp\/v2\/users\/2"}],"replies":[{"embeddable":true,"href":"https:\/\/www.europesays.com\/fi\/wp-json\/wp\/v2\/comments?post=110110"}],"version-history":[{"count":0,"href":"https:\/\/www.europesays.com\/fi\/wp-json\/wp\/v2\/posts\/110110\/revisions"}],"wp:featuredmedia":[{"embeddable":true,"href":"https:\/\/www.europesays.com\/fi\/wp-json\/wp\/v2\/media\/110111"}],"wp:attachment":[{"href":"https:\/\/www.europesays.com\/fi\/wp-json\/wp\/v2\/media?parent=110110"}],"wp:term":[{"taxonomy":"category","embeddable":true,"href":"https:\/\/www.europesays.com\/fi\/wp-json\/wp\/v2\/categories?post=110110"},{"taxonomy":"post_tag","embeddable":true,"href":"https:\/\/www.europesays.com\/fi\/wp-json\/wp\/v2\/tags?post=110110"}],"curies":[{"name":"wp","href":"https:\/\/api.w.org\/{rel}","templated":true}]}}