{"id":110112,"date":"2025-12-07T14:00:07","date_gmt":"2025-12-07T14:00:07","guid":{"rendered":"https:\/\/www.europesays.com\/fi\/110112\/"},"modified":"2025-12-07T14:00:07","modified_gmt":"2025-12-07T14:00:07","slug":"suvi-minkkiselle-36-000-euron-potti","status":"publish","type":"post","link":"https:\/\/www.europesays.com\/fi\/110112\/","title":{"rendered":"Suvi Minkkiselle 36\u202f000 euron potti"},"content":{"rendered":"<p>Viimeinen laukaus maksoi 4\u202f000 euroa.<\/p>\n<p class=\"article-body mb-nof-24 px-nof-16\">Ampumahiiht\u00e4j\u00e4 <a class=\"article-personlink\" href=\"https:\/\/www.is.fi\/haku\/?query=Suvi%20Minkkisell%C3%A4\" rel=\"nofollow noopener\" target=\"_blank\">Suvi Minkkisell\u00e4<\/a> ei ole pikkurahasta puutetta.<\/p>\n<p class=\"article-body mb-nof-24 px-nof-16\">H\u00e4nen tilins\u00e4 lihoi viikonlopun maailmancupin osakilpailuissa \u00d6stersundissa 36\u202f000 eurolla.<\/p>\n<p class=\"article-body mb-nof-24 px-nof-16\">Perjantain voitto toi maanantaina 31 vuotta t\u00e4ytt\u00e4v\u00e4lle suomalaisurheilijalle 20\u202f000 euroa ja sunnuntain kakkossija 10 kilometrin takaa-ajossa 16\u202f000 euroa.<\/p>\n<p class=\"article-body mb-nof-24 px-nof-16\">Pikamatkan t\u00e4ysosuma oli Minkkiselle ensimm\u00e4isen maailmancupissa.<\/p>\n<p class=\"article-body mb-nof-24 px-nof-16\">T\u00e4ysi j\u00e4ttipottikin oli sunnuntaina MM-kolmoselle l\u00e4hell\u00e4.<\/p>\n<p class=\"article-body mb-nof-24 px-nof-16\">Minkkinen n\u00e4ytti jo sivakoivan voittoon, mutta it\u00e4valtalainen <a class=\"article-personlink\" href=\"https:\/\/www.is.fi\/haku\/?query=Lisa%20Hauser\" rel=\"nofollow noopener\" target=\"_blank\">Lisa Hauser<\/a> otti suomalaista viimeisell\u00e4 kierroksella kiinni yli 12 sekuntia ja paineli ohi.<\/p>\n<p class=\"article-body mb-nof-24 px-nof-16\">Minkkisen kisan viimeinen laukaus, joka oli h\u00e4nen ainoa hutinsa oli lopulta liikaa ja ratkaisi voiton kohtalon.<\/p>\n<p class=\"article-body mb-nof-24 px-nof-16\">H\u00e4n jatkaa kuitenkin maailmancupin k\u00e4rjess\u00e4. Seuraavat kisat ovat 12-14. joulukuuta It\u00e4vallan Hochfilzenissa.<\/p>\n","protected":false},"excerpt":{"rendered":"Viimeinen laukaus maksoi 4\u202f000 euroa. Ampumahiiht\u00e4j\u00e4 Suvi Minkkisell\u00e4 ei ole pikkurahasta puutetta. H\u00e4nen tilins\u00e4 lihoi viikonlopun maailmancupin osakilpailuissa&hellip;\n","protected":false},"author":2,"featured_media":110113,"comment_status":"","ping_status":"","sticky":false,"template":"","format":"standard","meta":{"footnotes":""},"categories":[136],"tags":[407,137,33,31,30,34,408,32,109],"class_list":{"0":"post-110112","1":"post","2":"type-post","3":"status-publish","4":"format-standard","5":"has-post-thumbnail","7":"category-julkkikset","8":"tag-celebrities","9":"tag-entertainment","10":"tag-fi","11":"tag-finland","12":"tag-finnish","13":"tag-ilta-sanomat","14":"tag-julkkikset","15":"tag-suomi","16":"tag-viihde"},"share_on_mastodon":{"url":"https:\/\/pubeurope.com\/@fi\/115678650160900209","error":""},"_links":{"self":[{"href":"https:\/\/www.europesays.com\/fi\/wp-json\/wp\/v2\/posts\/110112","targetHints":{"allow":["GET"]}}],"collection":[{"href":"https:\/\/www.europesays.com\/fi\/wp-json\/wp\/v2\/posts"}],"about":[{"href":"https:\/\/www.europesays.com\/fi\/wp-json\/wp\/v2\/types\/post"}],"author":[{"embeddable":true,"href":"https:\/\/www.europesays.com\/fi\/wp-json\/wp\/v2\/users\/2"}],"replies":[{"embeddable":true,"href":"https:\/\/www.europesays.com\/fi\/wp-json\/wp\/v2\/comments?post=110112"}],"version-history":[{"count":0,"href":"https:\/\/www.europesays.com\/fi\/wp-json\/wp\/v2\/posts\/110112\/revisions"}],"wp:featuredmedia":[{"embeddable":true,"href":"https:\/\/www.europesays.com\/fi\/wp-json\/wp\/v2\/media\/110113"}],"wp:attachment":[{"href":"https:\/\/www.europesays.com\/fi\/wp-json\/wp\/v2\/media?parent=110112"}],"wp:term":[{"taxonomy":"category","embeddable":true,"href":"https:\/\/www.europesays.com\/fi\/wp-json\/wp\/v2\/categories?post=110112"},{"taxonomy":"post_tag","embeddable":true,"href":"https:\/\/www.europesays.com\/fi\/wp-json\/wp\/v2\/tags?post=110112"}],"curies":[{"name":"wp","href":"https:\/\/api.w.org\/{rel}","templated":true}]}}