{"id":110126,"date":"2025-12-07T14:26:10","date_gmt":"2025-12-07T14:26:10","guid":{"rendered":"https:\/\/www.europesays.com\/fi\/110126\/"},"modified":"2025-12-07T14:26:10","modified_gmt":"2025-12-07T14:26:10","slug":"saaraa-luultiin-tolppanaiseksi-kertoo-nyt-totuuden","status":"publish","type":"post","link":"https:\/\/www.europesays.com\/fi\/110126\/","title":{"rendered":"Saaraa luultiin tolppanaiseksi \u2013 Kertoo nyt totuuden"},"content":{"rendered":"<p>Linnan jatkot -l\u00e4hetyksen taustalla n\u00e4kynyt \u201dtolppanainen\u201d on noussut isoksi puheenaiheeksi.<\/p>\n<p><img decoding=\"async\" class=\"image image-show image-preview\" src=\"https:\/\/www.europesays.com\/fi\/wp-content\/uploads\/2025\/12\/25f0b70a778c548d1b147cbbfa8bf20d9654cef84550288c66a629641142b3e3.jpg\" alt=\"\"\/><img decoding=\"async\" class=\"image image-show\" src=\"https:\/\/www.europesays.com\/fi\/wp-content\/uploads\/2025\/12\/1765092610_145_25f0b70a778c548d1b147cbbfa8bf20d9654cef84550288c66a629641142b3e3.jpg\" alt=\"\"\/><\/p>\n<p>Linnan jatkojen tolppanainen on puhuttanut somessa. Roosa Br\u00f6ijer<\/p>\n<p class=\"paragraph\">Ylen Linnan jatkot -l\u00e4hetyksess\u00e4 katsojien huomion vei naishenkil\u00f6, joka esiintyi useiden haastattelujen taustalla. Henkil\u00f6 seurasi haastatteluja tolpan takaa puhelin k\u00e4dess\u00e4\u00e4n ja ainakin v\u00e4itetysti kuvasi haastatteluhetki\u00e4 puhelimen kameralla.<\/p>\n<p class=\"paragraph\">Sosiaalisessa mediassa henkil\u00f6 sai nopeasti nimen \u201dtolppanainen\u201d.<\/p>\n<p class=\"paragraph\">Nyt graafinen suunnittelija ja bloggaaja <strong>Saara Helkala<\/strong> kertoo Instagramissaan, ett\u00e4 h\u00e4nt\u00e4 on luultu \u201dtolppanaiseksi\u201d.<\/p>\n<p class=\"paragraph\">\u2013 Olin eilen sy\u00f6m\u00e4ss\u00e4 Lissabonissa ravintolassa. Siell\u00e4 ei ollut kentt\u00e4\u00e4 ja kun l\u00e4hdin sielt\u00e4 huomasin, ett\u00e4 sain yst\u00e4v\u00e4lt\u00e4ni Anna Karhuselta viestin, ett\u00e4 oletko salaa Linnan juhlien jatkoilla. Siell\u00e4 on nainen, joka n\u00e4ytt\u00e4\u00e4 sinulta, Helkala kertoo vuorokauden esill\u00e4 olevassa Instagram-tarinassaan.<\/p>\n<p class=\"paragraph\">Helkala n\u00e4ytti seuralaisilleen kuvaa.<\/p>\n<p class=\"paragraph\">\u2013 Kaikki olivat, ett\u00e4 ehk\u00e4 se v\u00e4h\u00e4n n\u00e4ytt\u00e4\u00e4 sinulta, mutta ei kauheasti, Helkala sanoo.<\/p>\n<p class=\"paragraph\">Helkala kertoo olleensa Instagram-lakossa, mutta meni katsomaan sovelluksesta baarin osoitetta.<\/p>\n<p class=\"paragraph\">\u2013 Olin, ett\u00e4 onpa outoa, kun on tullut uusia seuraajia. Outoa, koska en ollut postaillut mit\u00e4\u00e4n, Helkala kertoo.<\/p>\n<p class=\"paragraph\">Helkala meni nukkumaan ja her\u00e4si aamulla siihen, ett\u00e4 oli saanut haastattelupyynn\u00f6n, jossa kysyttiin, onko h\u00e4n Linnan jatkoilla n\u00e4kynyt \u201dtolppanainen\u201d.<\/p>\n<p class=\"paragraph\">\u2013 Haluan antaa virallisen lausunnon, ett\u00e4 en ole ollut sen takia somelomalla, ett\u00e4 olen salaa Suomessa hankkiutumassa piireihin, ett\u00e4 p\u00e4\u00e4sen Linnan juhlien jatkoille.<\/p>\n<p class=\"paragraph\">\u2013 En ole tolppanainen, Helkala toteaa.<\/p>\n<p class=\"paragraph\">Helkala kertoi my\u00f6s Iltalehdelle aiemmin, ettei h\u00e4n ole Linnan jatkot -l\u00e4hetyksess\u00e4 n\u00e4kynyt henkil\u00f6.<\/p>\n","protected":false},"excerpt":{"rendered":"Linnan jatkot -l\u00e4hetyksen taustalla n\u00e4kynyt \u201dtolppanainen\u201d on noussut isoksi puheenaiheeksi. Linnan jatkojen tolppanainen on puhuttanut somessa. Roosa Br\u00f6ijer&hellip;\n","protected":false},"author":2,"featured_media":109881,"comment_status":"","ping_status":"","sticky":false,"template":"","format":"standard","meta":{"footnotes":""},"categories":[136],"tags":[35,407,2110,137,33,31,30,147,408,763,979,151,32,397,109],"class_list":{"0":"post-110126","1":"post","2":"type-post","3":"status-publish","4":"format-standard","5":"has-post-thumbnail","7":"category-julkkikset","8":"tag-24h","9":"tag-celebrities","10":"tag-elamantapa-ja-vapaa-aika","11":"tag-entertainment","12":"tag-fi","13":"tag-finland","14":"tag-finnish","15":"tag-internet-palvelut","16":"tag-julkkikset","17":"tag-kulttuuri-ja-viihde","18":"tag-sahkoinen-media","19":"tag-sosiaalinen-media-ja-verkostoituminen","20":"tag-suomi","21":"tag-taide","22":"tag-viihde"},"share_on_mastodon":{"url":"https:\/\/pubeurope.com\/@fi\/115678752777917678","error":""},"_links":{"self":[{"href":"https:\/\/www.europesays.com\/fi\/wp-json\/wp\/v2\/posts\/110126","targetHints":{"allow":["GET"]}}],"collection":[{"href":"https:\/\/www.europesays.com\/fi\/wp-json\/wp\/v2\/posts"}],"about":[{"href":"https:\/\/www.europesays.com\/fi\/wp-json\/wp\/v2\/types\/post"}],"author":[{"embeddable":true,"href":"https:\/\/www.europesays.com\/fi\/wp-json\/wp\/v2\/users\/2"}],"replies":[{"embeddable":true,"href":"https:\/\/www.europesays.com\/fi\/wp-json\/wp\/v2\/comments?post=110126"}],"version-history":[{"count":0,"href":"https:\/\/www.europesays.com\/fi\/wp-json\/wp\/v2\/posts\/110126\/revisions"}],"wp:featuredmedia":[{"embeddable":true,"href":"https:\/\/www.europesays.com\/fi\/wp-json\/wp\/v2\/media\/109881"}],"wp:attachment":[{"href":"https:\/\/www.europesays.com\/fi\/wp-json\/wp\/v2\/media?parent=110126"}],"wp:term":[{"taxonomy":"category","embeddable":true,"href":"https:\/\/www.europesays.com\/fi\/wp-json\/wp\/v2\/categories?post=110126"},{"taxonomy":"post_tag","embeddable":true,"href":"https:\/\/www.europesays.com\/fi\/wp-json\/wp\/v2\/tags?post=110126"}],"curies":[{"name":"wp","href":"https:\/\/api.w.org\/{rel}","templated":true}]}}