{"id":110139,"date":"2025-12-07T14:52:10","date_gmt":"2025-12-07T14:52:10","guid":{"rendered":"https:\/\/www.europesays.com\/fi\/110139\/"},"modified":"2025-12-07T14:52:10","modified_gmt":"2025-12-07T14:52:10","slug":"indican-jonsu-ja-heini-kertovat-uutisia","status":"publish","type":"post","link":"https:\/\/www.europesays.com\/fi\/110139\/","title":{"rendered":"Indican Jonsu ja Heini kertovat uutisia"},"content":{"rendered":"<p>            ATTE KAJOVA\n        <\/p>\n<p class=\"subtitle \">Indican naiset l\u00e4htev\u00e4t kohti yhteist\u00e4 unelmaa.<\/p>\n<p class=\"article-content article-content-width !bg-background\">Indica-yhtyeen<br \/>\n ja  p\u00e4\u00e4siv\u00e4t yhdess\u00e4 elokuviin uuden Supermarsu-leffan<br \/>\nkutsuvierasensi-iltaan, kun Jonsu on j\u00e4lleen takaisin kaupungissa taannoisen<br \/>\nPetolliset-sarjan kuvaamisen j\u00e4lkeen. Mukana olivat my\u00f6s kummankin muusikon<br \/>\nlapset.<\/p>\n<p class=\"article-content article-content-width !bg-background\">\u2013 Jonsu<br \/>\nsoitti Petollisten j\u00e4lkeen ja kertoi, kuinka onnellinen on, ett\u00e4 olen h\u00e4nen<br \/>\nel\u00e4m\u00e4ss\u00e4\u00e4n, Heini kertoi.<\/p>\n<p>                <img decoding=\"async\" src=\"https:\/\/www.europesays.com\/fi\/wp-content\/uploads\/2025\/12\/2011666.webp\" width=\"576\" height=\"720\" alt=\"Jonsu ja Heini lopettelevat b\u00e4ndins\u00e4 pitk\u00e4ksi ven\u00e4ht\u00e4nytt\u00e4 mammalomaa. -Televisiossa n\u00e4ytet\u00e4\u00e4n vuosi toisensa per\u00e4\u00e4n samaa konserttia, jossa esiinnyin raskaana ollessani. Saan siis joka vuosi onnitteluja raskaudesta, enk\u00e4 en\u00e4\u00e4 edes jaksa korjata asiaa, Jonsu naureskeli.\" loading=\"lazy\" \/>            <\/p>\n<p>\n            Jonsu ja Heini lopettelevat b\u00e4ndins\u00e4 pitk\u00e4ksi ven\u00e4ht\u00e4nytt\u00e4 mammalomaa. -Televisiossa n\u00e4ytet\u00e4\u00e4n vuosi toisensa per\u00e4\u00e4n samaa konserttia, jossa esiinnyin raskaana ollessani. Saan siis joka vuosi onnitteluja raskaudesta, enk\u00e4 en\u00e4\u00e4 edes jaksa korjata asiaa, Jonsu naureskeli.<br \/>\n            ATTE KAJOVA\n        <\/p>\n<p class=\"article-content article-content-width !bg-background\">Jonsu<br \/>\nmy\u00f6nt\u00e4\u00e4kin, ett\u00e4 ohjelma meni my\u00f6s vahvasti tunteisiin.<\/p>\n<p>        <a itemprop=\"url\" href=\"https:\/\/www.seiska.fi\/kotimaa\/indican-jonsu-ja-heini-faneistaan-vaipoissa-oleville-tuutattiin-ikuista-virtaa\/1504065\" rel=\"nofollow noopener\" target=\"_blank\"><\/p>\n<p class=\"section-date\">\n        <strong class=\"article-section\" data-section=\"kotimaa\"><br \/>\n            kotimaa<br \/>\n        <\/strong><br \/>\n        30.10.2024 16:30\n    <\/p>\n<p>Indican Jonsu ja Heini faneistaan: \u201dVaipoissa oleville tuutattiin Ikuista virtaa\u201d\n    <\/p>\n<p itemprop=\"description\" class=\"subtitle \">\n    2000-luvun alussa ihastuttanut b\u00e4ndi on palannut rymin\u00e4ll\u00e4.\n<\/p>\n<p>        <\/a><\/p>\n<p class=\"article-content article-content-width !bg-background\">\u2013 Se<br \/>\nsai todella arvostamaan luotettavia ihmisi\u00e4 el\u00e4m\u00e4ss\u00e4ni, Jonsu sanoo.<\/p>\n<p class=\"article-content article-content-width !bg-background\">Naisilla on<br \/>\nmy\u00f6s yhteinen unelma tulevan vuoden varalle.<\/p>\n<p class=\"article-content article-content-width !bg-background\">\u2013 Menemme<br \/>\nIndican kanssa studioon tekem\u00e4\u00e4n uutta musiikkia. Levy olisi haaveissa, mutta<br \/>\nkatsotaan mit\u00e4 tapahtuu, naiset tiedottivat.<\/p>\n<p>        <a itemprop=\"url\" href=\"https:\/\/www.seiska.fi\/kotimaa\/indican-jonsu-piiloiduin-julkisuutta-tyylimuutoksella-talta-han-nayttaa-nykyaan\/1050611\" rel=\"nofollow noopener\" target=\"_blank\"><\/p>\n<p class=\"section-date\">\n        <strong class=\"article-section\" data-section=\"kotimaa\"><br \/>\n            kotimaa<br \/>\n        <\/strong><br \/>\n        11.6.2023 12:00\n    <\/p>\n<p>Indican Jonsu: Piiloiduin julkisuutta tyylimuutoksella \u2013 t\u00e4lt\u00e4 h\u00e4n n\u00e4ytt\u00e4\u00e4 nyky\u00e4\u00e4n\n    <\/p>\n<p itemprop=\"description\" class=\"subtitle \">\n    Keikkatauon aikana Jonsu v\u00e4rj\u00e4si kirkkaanpunaiset hiuksensa, jottei h\u00e4nt\u00e4 tunnistettaisi.\n<\/p>\n<p>        <\/a><\/p>\n<p>                <img decoding=\"async\" src=\"https:\/\/www.europesays.com\/fi\/wp-content\/uploads\/2025\/12\/2011682.webp\" width=\"576\" height=\"720\" alt=\"Pelle Heikkil\u00e4 kartoittelee mahdollisuuksia kansainv\u00e4lisiin rooleihin. Leffaseurana oli kolme omaa tyt\u00e4rt\u00e4 ik\u00e4luokassa 8 - 13 vuotta. - Isyydest\u00e4 on kyll\u00e4 usein paineita, koska haluaisin olla oikeanlainen miehenmalli, tulevassa Kylm\u00e4 kausi -sarjassa n\u00e4yttelev\u00e4 Pelle my\u00f6nsi.\" loading=\"lazy\" \/>            <\/p>\n<p>\n            Pelle Heikkil\u00e4 kartoittelee mahdollisuuksia kansainv\u00e4lisiin rooleihin. Leffaseurana oli kolme omaa tyt\u00e4rt\u00e4 ik\u00e4luokassa 8 &#8211; 13 vuotta. &#8211; Isyydest\u00e4 on kyll\u00e4 usein paineita, koska haluaisin olla oikeanlainen miehenmalli, tulevassa Kylm\u00e4 kausi -sarjassa n\u00e4yttelev\u00e4 Pelle my\u00f6nsi.<br \/>\n            ATTE KAJOVA\n        <\/p>\n<p>                <img decoding=\"async\" src=\"https:\/\/www.europesays.com\/fi\/wp-content\/uploads\/2025\/12\/2011680.webp\" width=\"576\" height=\"720\" alt=\"Elokuvan ohjannut Joona Tena (vas.) teki my\u00f6s k\u00e4sikirjoituksen yhdess\u00e4 Paula Norosen kanssa. Marc Gassot suuntaa perheineen It\u00e4valtaan lomalle. - Onneksi on teatterit\u00f6it\u00e4 riitt\u00e4nyt, kun tv- ja leffapuolella on ollut hiljaista, Marc j\u00e4rkeili.\" loading=\"lazy\" \/>            <\/p>\n<p>\n            Elokuvan ohjannut Joona Tena (vas.) teki my\u00f6s k\u00e4sikirjoituksen yhdess\u00e4 Paula Norosen kanssa. Marc Gassot suuntaa perheineen It\u00e4valtaan lomalle. &#8211; Onneksi on teatterit\u00f6it\u00e4 riitt\u00e4nyt, kun tv- ja leffapuolella on ollut hiljaista, Marc j\u00e4rkeili.<br \/>\n            ATTE KAJOVA\n        <\/p>\n","protected":false},"excerpt":{"rendered":"ATTE KAJOVA Indican naiset l\u00e4htev\u00e4t kohti yhteist\u00e4 unelmaa. Indica-yhtyeen ja p\u00e4\u00e4siv\u00e4t yhdess\u00e4 elokuviin uuden Supermarsu-leffan kutsuvierasensi-iltaan, kun Jonsu&hellip;\n","protected":false},"author":2,"featured_media":110140,"comment_status":"","ping_status":"","sticky":false,"template":"","format":"standard","meta":{"footnotes":""},"categories":[136],"tags":[407,137,33,31,30,20523,10975,408,212,20522,20524,32,20206,109],"class_list":{"0":"post-110139","1":"post","2":"type-post","3":"status-publish","4":"format-standard","5":"has-post-thumbnail","7":"category-julkkikset","8":"tag-celebrities","9":"tag-entertainment","10":"tag-fi","11":"tag-finland","12":"tag-finnish","13":"tag-indica","14":"tag-jonsu-salomaa","15":"tag-julkkikset","16":"tag-lifestyle","17":"tag-marc-gassot","18":"tag-pelle-heikkila","19":"tag-suomi","20":"tag-supermarsu","21":"tag-viihde"},"share_on_mastodon":{"url":"https:\/\/pubeurope.com\/@fi\/115678855058891261","error":""},"_links":{"self":[{"href":"https:\/\/www.europesays.com\/fi\/wp-json\/wp\/v2\/posts\/110139","targetHints":{"allow":["GET"]}}],"collection":[{"href":"https:\/\/www.europesays.com\/fi\/wp-json\/wp\/v2\/posts"}],"about":[{"href":"https:\/\/www.europesays.com\/fi\/wp-json\/wp\/v2\/types\/post"}],"author":[{"embeddable":true,"href":"https:\/\/www.europesays.com\/fi\/wp-json\/wp\/v2\/users\/2"}],"replies":[{"embeddable":true,"href":"https:\/\/www.europesays.com\/fi\/wp-json\/wp\/v2\/comments?post=110139"}],"version-history":[{"count":0,"href":"https:\/\/www.europesays.com\/fi\/wp-json\/wp\/v2\/posts\/110139\/revisions"}],"wp:featuredmedia":[{"embeddable":true,"href":"https:\/\/www.europesays.com\/fi\/wp-json\/wp\/v2\/media\/110140"}],"wp:attachment":[{"href":"https:\/\/www.europesays.com\/fi\/wp-json\/wp\/v2\/media?parent=110139"}],"wp:term":[{"taxonomy":"category","embeddable":true,"href":"https:\/\/www.europesays.com\/fi\/wp-json\/wp\/v2\/categories?post=110139"},{"taxonomy":"post_tag","embeddable":true,"href":"https:\/\/www.europesays.com\/fi\/wp-json\/wp\/v2\/tags?post=110139"}],"curies":[{"name":"wp","href":"https:\/\/api.w.org\/{rel}","templated":true}]}}