{"id":110143,"date":"2025-12-07T14:59:08","date_gmt":"2025-12-07T14:59:08","guid":{"rendered":"https:\/\/www.europesays.com\/fi\/110143\/"},"modified":"2025-12-07T14:59:08","modified_gmt":"2025-12-07T14:59:08","slug":"ilkka-herola-turhautui-rajusti-yhdistetyn-loppuratkaisuun-juuri-niin-huonosti-kuin-mitenkaan-mahdollista-urheilua-lyhyesti","status":"publish","type":"post","link":"https:\/\/www.europesays.com\/fi\/110143\/","title":{"rendered":"Ilkka Herola turhautui rajusti yhdistetyn loppu\u00adratkaisuun \u2013 \u201dJuuri niin huonosti kuin mitenk\u00e4\u00e4n mahdollista\u201d | Urheilua lyhyesti"},"content":{"rendered":"<p class=\"aw-1gybjub aw-5vja16 kEtdKx kmuxyA yle__article__paragraph\">Ilkka Herola on Johannes Lamparterin, Julian Schmidin ja Franz-Josef Rehrlin j\u00e4lkeen yhdistetyn maailman\u00adcupin kokonais\u00adtilanteessa nelj\u00e4nten\u00e4.<\/p>\n<p><img decoding=\"async\" alt=\"Ilkka Herola l\u00e4hikuvassa.\" src=\"https:\/\/www.europesays.com\/fi\/wp-content\/uploads\/2025\/12\/39-15615456929b700c1300.jpeg\" class=\"aw-1l9m598 hKVVvP\"\/><\/p>\n<p>Avaa kuvien katselu<\/p>\n<p>Kuva: Tomi H\u00e4nninen<\/p>\n<p class=\"aw-1gybjub aw-1p7kakr kEtdKx cEmitX yle__article__paragraph\"><strong class=\"aw-ak79eh KyCXm yle__article__strong\">Ilkka Herola<\/strong> jatkoi tasaista sarjaansa yhdistetyn maailmancupissa. H\u00e4nen sijoituksensa alkukaudelta ovat nyt kolmas, viides, nelj\u00e4s ja viides.<\/p>\n<p class=\"aw-1gybjub aw-1p7kakr kEtdKx cEmitX yle__article__paragraph\">Sunnuntaina yhdistetyn ohjelmassa Trondheimissa oli miesten Gundersen-kilpailu HS138-m\u00e4est\u00e4.<\/p>\n<p class=\"aw-1gybjub aw-1p7kakr kEtdKx cEmitX yle__article__paragraph\">Herola aloitti kilpailun mainiosti, kun suomalainen leiskautti 131,5-metrisen hypyn. H\u00e4n p\u00e4\u00e4si hiihto-osuudelle nelj\u00e4nten\u00e4, 21 sekuntia k\u00e4rke\u00e4 per\u00e4ss\u00e4.<\/p>\n<p class=\"aw-1gybjub aw-1p7kakr kEtdKx cEmitX yle__article__paragraph\">Herola nousi hiihto-osuudella nopeasti kolmannelle sijalle, kun h\u00e4n sai Saksan <strong class=\"aw-ak79eh KyCXm yle__article__strong\">Wendelin Thannheimerin<\/strong> kiinni. K\u00e4rjess\u00e4 meni It\u00e4vallan kaksikko <strong class=\"aw-ak79eh KyCXm yle__article__strong\">Franz-Josef Rehrl<\/strong> ja <strong class=\"aw-ak79eh KyCXm yle__article__strong\">Johannes Lamparter<\/strong>.<\/p>\n<p class=\"aw-1gybjub aw-1p7kakr kEtdKx cEmitX yle__article__paragraph\">Maailmancupia johtava Lamparter ratkaisi voiton itselleen stadionin nousussa, eik\u00e4 Rehrl pystynyt vastaamaan.<\/p>\n<p class=\"aw-1gybjub aw-1p7kakr kEtdKx cEmitX yle__article__paragraph\">Saksan <strong class=\"aw-ak79eh KyCXm yle__article__strong\">Julian Schmid<\/strong> nousi kolmanneksi, Thannheimer ylitti maaliviivan nelj\u00e4nten\u00e4 ja Herola viidenten\u00e4.<\/p>\n<p class=\"aw-1gybjub aw-1p7kakr kEtdKx cEmitX yle__article__paragraph\">Herola oli pettynyt.<\/p>\n<p class=\"aw-1gybjub aw-1p7kakr kEtdKx cEmitX yle__article__paragraph\">\u2013 Eip\u00e4 sit\u00e4 j\u00e4\u00e4nyt paljon positiivista sanottavaa t\u00e4st\u00e4k\u00e4\u00e4n p\u00e4iv\u00e4st\u00e4. L\u00e4ht\u00f6asetelmat olivat toki paperilla ihan ok, mutta kilpailu muotoutui juuri niin huonosti kuin mitenk\u00e4\u00e4n mahdollista, Herola sadatteli Hiihtoliiton <a class=\"aw-iao6s4 iHOxEa yle__article__link\" href=\"https:\/\/hiihtoliitto.fi\/ilkka-herola-viides-yhdistetyn-maailmancupissa-trondheimissa-eero-hirvoselta-hurja-nousu-yhdeksanneksi\/\" role=\"link\" rel=\"nofollow noopener\" target=\"_blank\">tiedotteessa<\/a>.<\/p>\n<p class=\"aw-1gybjub aw-1p7kakr kEtdKx cEmitX yle__article__paragraph\">\u2013 Yksin\u00e4\u00e4n yritin siin\u00e4 v\u00e4liss\u00e4 hiiht\u00e4\u00e4 eik\u00e4 tullut kaverilta riitt\u00e4v\u00e4sti apuja. Takaa sitten tuli hirve\u00e4 letka. Sitten viel\u00e4 viimeisess\u00e4 mutkassa, miss\u00e4 olisi ollut loppukirin vauhdin paikka, pari kertaa lipsahti suksi ja meni vauhdit. Sitten viel\u00e4 j\u00e4in kiriss\u00e4 viimeiseksi, oli hieno viikonloppu.<\/p>\n<p class=\"aw-1gybjub aw-1p7kakr kEtdKx cEmitX yle__article__paragraph\"><strong class=\"aw-ak79eh KyCXm yle__article__strong\">Eero Hirvonen<\/strong> teki kovan nousun hiihto-osuudella. Hirvonen l\u00e4hti sijalta 31, kaksi minuuttia k\u00e4rke\u00e4 per\u00e4ss\u00e4. Suomalainen piti kuitenkin ladulla toiseksi kovinta vauhtia ja nousi yhdeks\u00e4nneksi.<\/p>\n<p class=\"aw-1gybjub aw-1p7kakr kEtdKx cEmitX yle__article__paragraph\"><strong class=\"aw-ak79eh KyCXm yle__article__strong\">Herman Happonen<\/strong> oli kilpailun 39:s.<\/p>\n","protected":false},"excerpt":{"rendered":"Ilkka Herola on Johannes Lamparterin, Julian Schmidin ja Franz-Josef Rehrlin j\u00e4lkeen yhdistetyn maailman\u00adcupin kokonais\u00adtilanteessa nelj\u00e4nten\u00e4. Avaa kuvien katselu&hellip;\n","protected":false},"author":2,"featured_media":110144,"comment_status":"","ping_status":"","sticky":false,"template":"","format":"standard","meta":{"footnotes":""},"categories":[158],"tags":[20465,33,31,30,2096,12271,2668,159,32,160,5587],"class_list":{"0":"post-110143","1":"post","2":"type-post","3":"status-publish","4":"format-standard","5":"has-post-thumbnail","7":"category-urheilu","8":"tag-eero-hirvonen","9":"tag-fi","10":"tag-finland","11":"tag-finnish","12":"tag-hiihtolajit","13":"tag-ilkka-herola","14":"tag-pohjoismaiset-hiihtolajit","15":"tag-sports","16":"tag-suomi","17":"tag-urheilu","18":"tag-yhdistetty"},"share_on_mastodon":{"url":"https:\/\/pubeurope.com\/@fi\/115678882662514810","error":""},"_links":{"self":[{"href":"https:\/\/www.europesays.com\/fi\/wp-json\/wp\/v2\/posts\/110143","targetHints":{"allow":["GET"]}}],"collection":[{"href":"https:\/\/www.europesays.com\/fi\/wp-json\/wp\/v2\/posts"}],"about":[{"href":"https:\/\/www.europesays.com\/fi\/wp-json\/wp\/v2\/types\/post"}],"author":[{"embeddable":true,"href":"https:\/\/www.europesays.com\/fi\/wp-json\/wp\/v2\/users\/2"}],"replies":[{"embeddable":true,"href":"https:\/\/www.europesays.com\/fi\/wp-json\/wp\/v2\/comments?post=110143"}],"version-history":[{"count":0,"href":"https:\/\/www.europesays.com\/fi\/wp-json\/wp\/v2\/posts\/110143\/revisions"}],"wp:featuredmedia":[{"embeddable":true,"href":"https:\/\/www.europesays.com\/fi\/wp-json\/wp\/v2\/media\/110144"}],"wp:attachment":[{"href":"https:\/\/www.europesays.com\/fi\/wp-json\/wp\/v2\/media?parent=110143"}],"wp:term":[{"taxonomy":"category","embeddable":true,"href":"https:\/\/www.europesays.com\/fi\/wp-json\/wp\/v2\/categories?post=110143"},{"taxonomy":"post_tag","embeddable":true,"href":"https:\/\/www.europesays.com\/fi\/wp-json\/wp\/v2\/tags?post=110143"}],"curies":[{"name":"wp","href":"https:\/\/api.w.org\/{rel}","templated":true}]}}