{"id":110145,"date":"2025-12-07T15:00:09","date_gmt":"2025-12-07T15:00:09","guid":{"rendered":"https:\/\/www.europesays.com\/fi\/110145\/"},"modified":"2025-12-07T15:00:09","modified_gmt":"2025-12-07T15:00:09","slug":"robin-packalenin-ja-aura-rakkaan-taustalta-paljastui-mielenkiintoinen-seikka-jota-kukaan-ei-hoksannut","status":"publish","type":"post","link":"https:\/\/www.europesays.com\/fi\/110145\/","title":{"rendered":"Robin Packalenin ja Aura-rakkaan taustalta paljastui mielenkiintoinen seikka, jota kukaan ei hoksannut"},"content":{"rendered":"<p>Robin Packalen edusti upeasti kihlattunsa Aura Ansaharjun kanssa Linnan juhlissa eilen. Samalla selvisi Robinin pitk\u00e4aikaisen kihlatun ulkon\u00e4k\u00f6 ja nimi.<\/p>\n<p>Robin sai kutsun Linnan juhliin jo vuonna 2024, muttei p\u00e4\u00e4ssyt tuolloin paikalle, sill\u00e4 h\u00e4nell\u00e4 oli samaan aikaan keikkakiireit\u00e4 Aasiassa. N\u00e4in kerrottiin mediassa:<\/p>\n<p>Lue my\u00f6s: <a href=\"https:\/\/www.como.fi\/uutiset\/robin-packalen-moittii-vanhempiaan-samat-ongelmakohdat-kuin-lapsuudessa\/\" title=\"Robin Packalen moittii vanhempiaan \u2013 samat ongelmakohdat kuin lapsuudessa\" class=\"underline-custom !font-montserrat !font-bold !underline-offset-4 !decoration-4 !decoration-red-600 !text-md\" rel=\"nofollow noopener\" target=\"_blank\">Robin Packalen moittii vanhempiaan \u2013 samat ongelmakohdat kuin lapsuudessa<\/a><\/p>\n<p>\u2013 Menen sinne haistelemaan korealaista musaskene\u00e4. Olen ollut siit\u00e4 jo pari vuotta tosi kiinnostunut, h\u00e4n kertoi lehdille.<\/p>\n<p>Lue my\u00f6s: <a href=\"https:\/\/www.como.fi\/uutiset\/han-on-robin-packalenin-puoliso-nimikin-on-nyt-paljastettu\/\" title=\"H\u00e4n on Robin Packalenin puoliso \u2013 nimikin on nyt paljastettu\" class=\"underline-custom !font-montserrat !font-bold !underline-offset-4 !decoration-4 !decoration-red-600 !text-md\" rel=\"nofollow noopener\" target=\"_blank\">H\u00e4n on Robin Packalenin puoliso \u2013 nimikin on nyt paljastettu<\/a><\/p>\n<p>Packalen kertoi my\u00f6s, ett\u00e4 h\u00e4nen suunnitelmanaan on vied\u00e4 suomalaista musiikkikulttuuria sinne p\u00e4in maailmaa. Artisti ty\u00f6sti toista kansainv\u00e4list\u00e4 albumiaan, ja aikoi kirjoittaa musiikkia niin itselleen kuin mahdollisesti etel\u00e4korealaisille kollegoilleen. H\u00e4n my\u00f6s muutti Etel\u00e4-Koreaan kuukausien ajaksi kev\u00e4\u00e4ll\u00e4 2024.<\/p>\n<p>\u2013 Menen my\u00f6s tapaamaan kustannusyhti\u00f6iden porukkaa sun muuta. Ihan siis t\u00e4mm\u00f6inen kulttuurimatka, sanoi Robin.<\/p>\n<p>Ja narrasi ainakin puolet.<\/p>\n<p>V\u00e4h\u00e4n Robin kyll\u00e4 narrasi, ainakin puolet<\/p>\n<p>Ei se mik\u00e4\u00e4n \u201dihan siis t\u00e4mm\u00f6inen kulttuurimatka ollut\u201d.<\/p>\n<p>Robin matkasi kihlattunsa per\u00e4valoissa Etel\u00e4-Koreaan. Suhdetta yll\u00e4pit\u00e4m\u00e4\u00e4n, rakastunut kun on.<\/p>\n<p>Koska: Comolle on selvinnyt luotettavista l\u00e4hteist\u00e4, ett\u00e4 Aura-rakas vietti nimenomaisesti aikaa Etel\u00e4-Koreassa juuri tuona samaisena aikana kuin Robinkin. Eli viime kev\u00e4\u00e4n\u00e4. Usean kuukauden ajan.<\/p>\n<p>Aura toimi nelj\u00e4n kuukauden ajan CEMS Club Seoul -j\u00e4rjest\u00f6ss\u00e4 sosiaalitoiminnan yhteisvastuullisena vet\u00e4j\u00e4n\u00e4, joka vastaa opiskelijatapahtumista ja yhteisty\u00f6st\u00e4. Kyseess\u00e4 on kansainv\u00e4linen maisteriohjelma liiketalouden opiskelijoille.<\/p>\n<p>Robin kertoi kes\u00e4ll\u00e4\u00a0<a href=\"https:\/\/www.is.fi\/menaiset\/ihmiset-ja-suhteet\/art-2000011304778.html\" rel=\"nofollow noopener\" target=\"_blank\">Me Naisille<\/a>, ett\u00e4 on kihloissa ja h\u00e4n aikoo avioitua kumppaninsa kanssa tulevaisuudessa<\/p>\n<p>Lue my\u00f6s: <a href=\"https:\/\/www.como.fi\/tilaa-comon-uutiskirje\/\" title=\"Tilaa Comon uutiskirje ja tied\u00e4t mist\u00e4 kahvitauolla puhutaan! Nappaa kotimaan tv-vinkit ja puheenaiheet suoraan s\u00e4hk\u00f6postiin t\u00e4st\u00e4.\" class=\"underline-custom !font-montserrat !font-bold !underline-offset-4 !decoration-4 !decoration-red-600 !text-md\" rel=\"nofollow noopener\" target=\"_blank\">Tilaa Comon uutiskirje ja tied\u00e4t mist\u00e4 kahvitauolla puhutaan! Nappaa kotimaan tv-vinkit ja puheenaiheet suoraan s\u00e4hk\u00f6postiin t\u00e4st\u00e4.<\/a><\/p>\n","protected":false},"excerpt":{"rendered":"Robin Packalen edusti upeasti kihlattunsa Aura Ansaharjun kanssa Linnan juhlissa eilen. Samalla selvisi Robinin pitk\u00e4aikaisen kihlatun ulkon\u00e4k\u00f6 ja&hellip;\n","protected":false},"author":2,"featured_media":110146,"comment_status":"","ping_status":"","sticky":false,"template":"","format":"standard","meta":{"footnotes":""},"categories":[130],"tags":[137,33,31,30,10790,32,109],"class_list":{"0":"post-110145","1":"post","2":"type-post","3":"status-publish","4":"format-standard","5":"has-post-thumbnail","7":"category-viihde","8":"tag-entertainment","9":"tag-fi","10":"tag-finland","11":"tag-finnish","12":"tag-robin-packalen","13":"tag-suomi","14":"tag-viihde"},"share_on_mastodon":{"url":"https:\/\/pubeurope.com\/@fi\/115678886181746144","error":""},"_links":{"self":[{"href":"https:\/\/www.europesays.com\/fi\/wp-json\/wp\/v2\/posts\/110145","targetHints":{"allow":["GET"]}}],"collection":[{"href":"https:\/\/www.europesays.com\/fi\/wp-json\/wp\/v2\/posts"}],"about":[{"href":"https:\/\/www.europesays.com\/fi\/wp-json\/wp\/v2\/types\/post"}],"author":[{"embeddable":true,"href":"https:\/\/www.europesays.com\/fi\/wp-json\/wp\/v2\/users\/2"}],"replies":[{"embeddable":true,"href":"https:\/\/www.europesays.com\/fi\/wp-json\/wp\/v2\/comments?post=110145"}],"version-history":[{"count":0,"href":"https:\/\/www.europesays.com\/fi\/wp-json\/wp\/v2\/posts\/110145\/revisions"}],"wp:featuredmedia":[{"embeddable":true,"href":"https:\/\/www.europesays.com\/fi\/wp-json\/wp\/v2\/media\/110146"}],"wp:attachment":[{"href":"https:\/\/www.europesays.com\/fi\/wp-json\/wp\/v2\/media?parent=110145"}],"wp:term":[{"taxonomy":"category","embeddable":true,"href":"https:\/\/www.europesays.com\/fi\/wp-json\/wp\/v2\/categories?post=110145"},{"taxonomy":"post_tag","embeddable":true,"href":"https:\/\/www.europesays.com\/fi\/wp-json\/wp\/v2\/tags?post=110145"}],"curies":[{"name":"wp","href":"https:\/\/api.w.org\/{rel}","templated":true}]}}