{"id":110166,"date":"2025-12-07T15:31:10","date_gmt":"2025-12-07T15:31:10","guid":{"rendered":"https:\/\/www.europesays.com\/fi\/110166\/"},"modified":"2025-12-07T15:31:10","modified_gmt":"2025-12-07T15:31:10","slug":"milan-jaffille-tyly-paatos-karkotus-lahenee","status":"publish","type":"post","link":"https:\/\/www.europesays.com\/fi\/110166\/","title":{"rendered":"Milan Jaffille tyly p\u00e4\u00e4t\u00f6s \u2013 Karkotus l\u00e4henee"},"content":{"rendered":"<p>Karkottaminen voidaan panna t\u00e4yt\u00e4nt\u00f6\u00f6n mik\u00e4li korkein hallinto-oikeus ei my\u00f6nn\u00e4 Jaffille valituslupaa.<\/p>\n<p><img decoding=\"async\" class=\"image image-show image-preview\" src=\"https:\/\/www.europesays.com\/fi\/wp-content\/uploads\/2025\/09\/1758483788_519_b082d440ca8b8718dedba855df34ea7f1167a1fcb1079e36d4be217a984ecd92.jpg\" alt=\"\"\/><img decoding=\"async\" class=\"image image-show\" src=\"https:\/\/www.europesays.com\/fi\/wp-content\/uploads\/2025\/09\/1758079329_644_b082d440ca8b8718dedba855df34ea7f1167a1fcb1079e36d4be217a984ecd92.jpg\" alt=\"\"\/><\/p>\n<p>Milan Jaffin valitus koki tylyn kohtalon. PASI LIESIMAA<\/p>\n<p class=\"paragraph\">Iltalehden tietojen mukaan <a href=\"https:\/\/www.iltalehti.fi\/henkilot\/Milan Jaff\" class=\"article-link-person-page\" rel=\"nofollow noopener\" target=\"_blank\">Milan Jaffin<\/a>, 25, karkotusp\u00e4\u00e4t\u00f6ksest\u00e4 tekem\u00e4 valitus on kaikessa hiljaisuudessa hyl\u00e4tty Helsingin hallinto-oikeudessa.<\/p>\n<p class=\"paragraph\">Jaff valitti karkotusp\u00e4\u00e4t\u00f6ksest\u00e4\u00e4n hallinto-oikeuteen ja vaati asian suullista k\u00e4sittely\u00e4. Hallinto-oikeus hylk\u00e4si vaatimuksen suullisesta k\u00e4sittelyst\u00e4 sek\u00e4 Jaffin tekem\u00e4n valituksen perjantaina 21. marraskuuta.<\/p>\n<p class=\"paragraph\">Jaff ei aio kuitenkaan tyyty\u00e4 p\u00e4\u00e4t\u00f6kseen. Siit\u00e4 on valitettu korkeimpaan hallinto-oikeuteen.<\/p>\n<p>Odottaa p\u00e4\u00e4t\u00f6st\u00e4<\/p>\n<p class=\"paragraph\">Mik\u00e4li korkein hallinto-oikeus ei my\u00f6nn\u00e4 valituslupaa, j\u00e4\u00e4 Helsingin hallinto-oikeuden p\u00e4\u00e4t\u00f6s lainvoimaiseksi ja Milan Jaff karkotetaan Suomesta.<\/p>\n<p class=\"paragraph\">Syyskuun alussa uutisoitiin, ett\u00e4 irakilainen Jaff on p\u00e4\u00e4tetty karkottaa Suomesta. H\u00e4n on odottanut karkotusp\u00e4\u00e4t\u00f6ksen lainvoimaa Joutsenon vastaanottokeskuksessa.<\/p>\n<p class=\"paragraph\">Iltalehden haltuunsa saaman Helsingin hallinto-oikeuden p\u00e4\u00e4t\u00f6ksen perustelut ovat t\u00e4ysin salatut. Iltalehti ei ole tavoittanut Milan Jaffin avustajaa, oikeustieteen maisteri <strong>Anton von Schrowea<\/strong> kommentoimaan p\u00e4\u00e4t\u00f6st\u00e4.<\/p>\n<p class=\"paragraph\">Koska von Schrowe ei ole asianajaja tai luvan saanut oikeudenk\u00e4yntiavustaja, h\u00e4nelle ei voida maksaa ty\u00f6st\u00e4\u00e4n palkkiota valtion varoista.<\/p>\n<p>Rankka rikostausta<\/p>\n<p class=\"paragraph\">Suomeen pakolaiskriisin aikana saapunut Jaff on saanut <a href=\"https:\/\/www.iltalehti.fi\/kotimaa\/db165364-403e-4f8d-8485-470761c63904\" rel=\"nofollow noopener\" target=\"_blank\">lukuisia rikostuomioita<\/a>. Niist\u00e4 pisimm\u00e4t liittyv\u00e4t h\u00e4nen toimintaansa Kurdish Mafia -katujengiss\u00e4.<\/p>\n<p class=\"paragraph\">Jaff on saanut pitk\u00e4n tuomion muun muassa tapon yrityksest\u00e4. Lis\u00e4ksi h\u00e4net on tuomittu my\u00f6s raiskauksesta. Jaffin asioita on k\u00e4sitelty oikeudessa viel\u00e4 viime aikoina.<\/p>\n<p class=\"paragraph\">Viime viikolla Jaff tuomittiin varkaudesta ja kahdesta huumausainerikoksesta <a href=\"https:\/\/www.iltalehti.fi\/kotimaa\/ab510bf9-b24a-49a9-9585-ed7731bcaf82\" rel=\"nofollow noopener\" target=\"_blank\">Helsingin hovioikeudessa<\/a>.<\/p>\n<p class=\"paragraph\">Pari viikkoa sitten Jaff tuomittiin t\u00f6rke\u00e4st\u00e4 yksityisel\u00e4m\u00e4\u00e4 loukkaavan tiedon levitt\u00e4misest\u00e4 ja t\u00f6rke\u00e4st\u00e4 kunnianloukkauksesta <a href=\"https:\/\/www.iltalehti.fi\/politiikka\/1ad203fb-5dbe-4429-bfdb-9a3407222700\" rel=\"nofollow noopener\" target=\"_blank\">Helsingin k\u00e4r\u00e4j\u00e4oikeudessa<\/a>.<\/p>\n<p class=\"paragraph\">Tuomioksi j\u00e4lkimm\u00e4isest\u00e4 rikoksesta tuli niin kutsutun paljousalennuksen j\u00e4lkeen 70 p\u00e4iv\u00e4\u00e4 vankeutta, koska asia olisi voitu k\u00e4sitell\u00e4 Jaffin aikaisempien rikosten yhteydess\u00e4.<\/p>\n","protected":false},"excerpt":{"rendered":"Karkottaminen voidaan panna t\u00e4yt\u00e4nt\u00f6\u00f6n mik\u00e4li korkein hallinto-oikeus ei my\u00f6nn\u00e4 Jaffille valituslupaa. Milan Jaffin valitus koki tylyn kohtalon. PASI&hellip;\n","protected":false},"author":2,"featured_media":41540,"comment_status":"","ping_status":"","sticky":false,"template":"","format":"standard","meta":{"footnotes":""},"categories":[12],"tags":[35,22,23,26,27,33,31,30,17,53,24,25,28,29,15,977,976,18,21,38,32,19,20,1727,16],"class_list":{"0":"post-110166","1":"post","2":"type-post","3":"status-publish","4":"format-standard","5":"has-post-thumbnail","7":"category-suomi","8":"tag-24h","9":"tag-breaking-news","10":"tag-breakingnews","11":"tag-featured-news","12":"tag-featurednews","13":"tag-fi","14":"tag-finland","15":"tag-finnish","16":"tag-headlines","17":"tag-laki-oikeus-ja-rikos","18":"tag-latest-news","19":"tag-latestnews","20":"tag-main-news","21":"tag-mainnews","22":"tag-news","23":"tag-oikeusistuimet","24":"tag-oikeusprosessit","25":"tag-otsikot","26":"tag-paauutiset","27":"tag-rikos","28":"tag-suomi","29":"tag-top-stories","30":"tag-topstories","31":"tag-tuomiot","32":"tag-uutiset"},"share_on_mastodon":{"url":"https:\/\/pubeurope.com\/@fi\/115679008485066069","error":""},"_links":{"self":[{"href":"https:\/\/www.europesays.com\/fi\/wp-json\/wp\/v2\/posts\/110166","targetHints":{"allow":["GET"]}}],"collection":[{"href":"https:\/\/www.europesays.com\/fi\/wp-json\/wp\/v2\/posts"}],"about":[{"href":"https:\/\/www.europesays.com\/fi\/wp-json\/wp\/v2\/types\/post"}],"author":[{"embeddable":true,"href":"https:\/\/www.europesays.com\/fi\/wp-json\/wp\/v2\/users\/2"}],"replies":[{"embeddable":true,"href":"https:\/\/www.europesays.com\/fi\/wp-json\/wp\/v2\/comments?post=110166"}],"version-history":[{"count":0,"href":"https:\/\/www.europesays.com\/fi\/wp-json\/wp\/v2\/posts\/110166\/revisions"}],"wp:featuredmedia":[{"embeddable":true,"href":"https:\/\/www.europesays.com\/fi\/wp-json\/wp\/v2\/media\/41540"}],"wp:attachment":[{"href":"https:\/\/www.europesays.com\/fi\/wp-json\/wp\/v2\/media?parent=110166"}],"wp:term":[{"taxonomy":"category","embeddable":true,"href":"https:\/\/www.europesays.com\/fi\/wp-json\/wp\/v2\/categories?post=110166"},{"taxonomy":"post_tag","embeddable":true,"href":"https:\/\/www.europesays.com\/fi\/wp-json\/wp\/v2\/tags?post=110166"}],"curies":[{"name":"wp","href":"https:\/\/api.w.org\/{rel}","templated":true}]}}