{"id":110178,"date":"2025-12-07T15:52:11","date_gmt":"2025-12-07T15:52:11","guid":{"rendered":"https:\/\/www.europesays.com\/fi\/110178\/"},"modified":"2025-12-07T15:52:11","modified_gmt":"2025-12-07T15:52:11","slug":"arja-koriseva-paljastaa-intohimonsa-ja-kertoo-nuoruutensa-salaisuuden","status":"publish","type":"post","link":"https:\/\/www.europesays.com\/fi\/110178\/","title":{"rendered":"Arja Koriseva paljastaa intohimonsa ja kertoo nuoruutensa salaisuuden"},"content":{"rendered":"<p>            Timo Korhonen\n        <\/p>\n<p class=\"subtitle \">Arja on ollut naimisissa miehens\u00e4 Juha-Pekka Karmalan kanssa jo vuodesta 1996 asti.<\/p>\n<p class=\"article-content article-content-width !bg-background\"> lienee Suomen hersyvin ja tunnistettavin nauru.<\/p>\n<p class=\"article-content article-content-width !bg-background\">Upea kuusikymppinen on viihdytt\u00e4nyt Suomea jo yli puolet el\u00e4m\u00e4st\u00e4\u00e4n.<\/p>\n<p class=\"article-content article-content-width !bg-background\">Arja on kotoisin Keski-Suomesta, tarkemmin ottaen Jyv\u00e4skyl\u00e4n seutukunnassa sijaitsevasta Toivakan kunnasta, jossa h\u00e4n asuu yh\u00e4.<\/p>\n<p class=\"article-content article-content-width !bg-background\">Siskoksia on kaikkiaan kolme: isosisko  asuu niin ik\u00e4\u00e4n Toivakassa ja py\u00f6ritt\u00e4\u00e4 Sun Toive -nimist\u00e4 ravintolaa.<\/p>\n<p>        <a itemprop=\"url\" href=\"https:\/\/www.seiska.fi\/vain-seiskassa\/arja-korisevalla-outo-selkkaus-kesken-ajomatkan-kylalaiset-auttoivat-kotiin\/1927446\" rel=\"nofollow noopener\" target=\"_blank\"><\/p>\n<p>\nArja Koriseva\n<\/p>\n<p class=\"section-date\">\n        <strong class=\"article-section\" data-section=\"vain seiskassa\"><br \/>\n            vain seiskassa<br \/>\n        <\/strong><br \/>\n        15.9. 07:00\n    <\/p>\n<p>Arja Korisevalla outo selkkaus kesken ajomatkan \u2013 kyl\u00e4l\u00e4iset auttoivat kotiin\n    <\/p>\n<p itemprop=\"description\" class=\"subtitle \">\n    Suosikkilaulajan ajomatka p\u00e4\u00e4ttyi nurmikaistaleelle.\n<\/p>\n<p>        <\/a><\/p>\n<p class=\"article-content article-content-width !bg-background\">My\u00f6s Eija on laulaja, tosin h\u00e4n on lopettanut keikkailun hieman alle kymmenen vuotta sitten.<\/p>\n<p class=\"article-content article-content-width !bg-background\">Pikkusisko \u00a0taas on juontaja ja personal trainer, joka vaikuttaa Paimiossa, mutta on etsim\u00e4ss\u00e4 asuntoa kotikonnuilta.<\/p>\n<p>                <img decoding=\"async\" src=\"https:\/\/www.europesays.com\/fi\/wp-content\/uploads\/2025\/12\/2012516.webp\" width=\"576\" height=\"322\" alt=\"Arja on ollut Kummien toiminnassa jo pitk\u00e4\u00e4n.\" loading=\"lazy\" \/>            <\/p>\n<p>\n            Arja on ollut Kummien toiminnassa jo pitk\u00e4\u00e4n.<br \/>\n            Matti Matikainen\n        <\/p>\n<p>Nuoruuden salaisuus<\/p>\n<p class=\"article-content article-content-width !bg-background\">Arja on tullut vuosien varrella tutuksi my\u00f6s Lastenklinikoiden Kummit ry:n kautta.<\/p>\n<p class=\"article-content article-content-width !bg-background\">Keskiviikkona Arja osallistui Kummien JouluMielelle-konserttiin sek\u00e4 sit\u00e4 edelt\u00e4neeseen pressitilaisuuteen.<\/p>\n<p>        <a itemprop=\"url\" href=\"https:\/\/www.seiska.fi\/vain-seiskassa\/arja-korisevan-karla-tytar-parisuhdepaljastus\/1941741\" rel=\"nofollow noopener\" target=\"_blank\"><\/p>\n<p>\nArja Korisevan Karla-tyt\u00e4r\n<\/p>\n<p class=\"section-date\">\n        <strong class=\"article-section\" data-section=\"vain seiskassa\"><br \/>\n            vain seiskassa<br \/>\n        <\/strong><br \/>\n        1.10. 05:30\n    <\/p>\n<p>Arja Korisevan Karla-tyt\u00e4r: Parisuhdepaljastus!\n    <\/p>\n<p itemprop=\"description\" class=\"subtitle \">\n    Karla kertoo Seiskalle olevansa onnellisesti parisuhteessa. Perheeseen kuuluu lis\u00e4ksi s\u00f6p\u00f6 Aili-koira.\n<\/p>\n<p>        <\/a><\/p>\n<p class=\"article-content article-content-width !bg-background\">Seiskalle Arja my\u00f6s intoutui avaamaan nuoruutensa salaisuutta.<\/p>\n<p class=\"article-content article-content-width !bg-background\">\u2013 Pyrin sy\u00f6m\u00e4\u00e4n terveellisesti\u2026 tai no, kyll\u00e4 min\u00e4 herkuttelenkin.<\/p>\n<p class=\"article-content article-content-width !bg-background\">\u2013 Pelaan pari kertaa viikossa my\u00f6s salibandya sek\u00e4 sekajoukkueessa ett\u00e4 mimmijoukkueessa.<\/p>\n<p>                <img decoding=\"async\" src=\"https:\/\/www.europesays.com\/fi\/wp-content\/uploads\/2025\/12\/2012521.webp\" width=\"576\" height=\"274\" alt=\"Arja on osallistunut vuosien saatossa my\u00f6s Tanssii t\u00e4htien kanssa -ohjelmaan parinaan Valtteri Palin.\" loading=\"lazy\" \/>            <\/p>\n<p>\n            Arja on osallistunut vuosien saatossa my\u00f6s Tanssii t\u00e4htien kanssa -ohjelmaan parinaan Valtteri Palin.<br \/>\n            Timo Korhonen\n        <\/p>\n<p>&#8221;Hyv\u00e4t geenit&#8221;<\/p>\n<p class=\"article-content article-content-width !bg-background\">Intohimoisesti reik\u00e4palloon suhtautuva Arja kertoo pelanneensa pitk\u00e4\u00e4n ja kuvaa sit\u00e4 omaksi lajikseen.<\/p>\n<p class=\"article-content article-content-width !bg-background\">\u2013 Olen tottunut siihen, ett\u00e4 liikunta on osa el\u00e4m\u00e4\u00e4.<\/p>\n<p>        <a itemprop=\"url\" href=\"https:\/\/www.seiska.fi\/kotimaa\/arja-korisevalta-erikoinen-reaktio-tyttaren-sotilaskarajien-jalkeen\/1641970\" rel=\"nofollow noopener\" target=\"_blank\"><\/p>\n<p>\nTyt\u00e4r sotilask\u00e4r\u00e4jill\u00e4\n<\/p>\n<p class=\"section-date\">\n        <strong class=\"article-section\" data-section=\"kotimaa\"><br \/>\n            kotimaa<br \/>\n        <\/strong><br \/>\n        13.3. 10:58\n    <\/p>\n<p>Arja Korisevalta erikoinen reaktio tytt\u00e4ren sotilask\u00e4r\u00e4jien j\u00e4lkeen\n    <\/p>\n<p itemprop=\"description\" class=\"subtitle \">\n    Arja Koriseva nauraa tuttuun tyyliins\u00e4 \u00e4\u00e4nekk\u00e4\u00e4sti.\n<\/p>\n<p>        <\/a><\/p>\n<p class=\"article-content article-content-width !bg-background\">\u2013 Ajattelen, ett\u00e4 esteettisyys\u2026 tai minulla on varmaan hyv\u00e4t geenit, Arja ruotii sanoja hakien.<\/p>\n<p class=\"article-content article-content-width !bg-background\">Arja on ollut naimisissa miehens\u00e4  kanssa jo vuodesta 1996 asti.\u00a0<\/p>\n<p>                <img decoding=\"async\" src=\"https:\/\/www.europesays.com\/fi\/wp-content\/uploads\/2025\/12\/2012522.webp\" width=\"576\" height=\"720\" alt=\"Arja ja Juha-Pekka ovat olleet yhdess\u00e4 jo pitk\u00e4\u00e4n. Kuva vuodelta 2011.\" loading=\"lazy\" \/>            <\/p>\n<p>\n            Arja ja Juha-Pekka ovat olleet yhdess\u00e4 jo pitk\u00e4\u00e4n. Kuva vuodelta 2011.<br \/>\n            Ari Lahti\n        <\/p>\n<p class=\"article-content article-content-width !bg-background\">Ensi vuonna juhlitaan siis jo helmih\u00e4it\u00e4 \u2013 tai norsunluuh\u00e4it\u00e4 \u2013 30-vuotisen taipaleen merkiksi.<\/p>\n<p class=\"article-content article-content-width !bg-background\">Mik\u00e4 on pitk\u00e4n avioliiton salaisuus?<\/p>\n<p class=\"article-content article-content-width !bg-background\">\u2013 Ei kukaan voi tiet\u00e4\u00e4 sellaista, jokainen kulkee oman polkunsa.<\/p>\n<p class=\"article-content article-content-width !bg-background\">\u2013 Meill\u00e4 on moni asia toiminut, kun n\u00e4in pitk\u00e4\u00e4n on oltu yhdess\u00e4, Arja linjaa.<\/p>\n","protected":false},"excerpt":{"rendered":"Timo Korhonen Arja on ollut naimisissa miehens\u00e4 Juha-Pekka Karmalan kanssa jo vuodesta 1996 asti. lienee Suomen hersyvin ja&hellip;\n","protected":false},"author":2,"featured_media":110179,"comment_status":"","ping_status":"","sticky":false,"template":"","format":"standard","meta":{"footnotes":""},"categories":[130],"tags":[10020,137,33,31,30,20527,20528,5472,32,1667,6117,109],"class_list":{"0":"post-110178","1":"post","2":"type-post","3":"status-publish","4":"format-standard","5":"has-post-thumbnail","7":"category-viihde","8":"tag-arja-koriseva","9":"tag-entertainment","10":"tag-fi","11":"tag-finland","12":"tag-finnish","13":"tag-juha-pekka-karmala","14":"tag-lastenklinikoiden-kummit-ry","15":"tag-salibandy","16":"tag-suomi","17":"tag-tapahtumat","18":"tag-toivakka","19":"tag-viihde"},"share_on_mastodon":{"url":"https:\/\/pubeurope.com\/@fi\/115679090872049395","error":""},"_links":{"self":[{"href":"https:\/\/www.europesays.com\/fi\/wp-json\/wp\/v2\/posts\/110178","targetHints":{"allow":["GET"]}}],"collection":[{"href":"https:\/\/www.europesays.com\/fi\/wp-json\/wp\/v2\/posts"}],"about":[{"href":"https:\/\/www.europesays.com\/fi\/wp-json\/wp\/v2\/types\/post"}],"author":[{"embeddable":true,"href":"https:\/\/www.europesays.com\/fi\/wp-json\/wp\/v2\/users\/2"}],"replies":[{"embeddable":true,"href":"https:\/\/www.europesays.com\/fi\/wp-json\/wp\/v2\/comments?post=110178"}],"version-history":[{"count":0,"href":"https:\/\/www.europesays.com\/fi\/wp-json\/wp\/v2\/posts\/110178\/revisions"}],"wp:featuredmedia":[{"embeddable":true,"href":"https:\/\/www.europesays.com\/fi\/wp-json\/wp\/v2\/media\/110179"}],"wp:attachment":[{"href":"https:\/\/www.europesays.com\/fi\/wp-json\/wp\/v2\/media?parent=110178"}],"wp:term":[{"taxonomy":"category","embeddable":true,"href":"https:\/\/www.europesays.com\/fi\/wp-json\/wp\/v2\/categories?post=110178"},{"taxonomy":"post_tag","embeddable":true,"href":"https:\/\/www.europesays.com\/fi\/wp-json\/wp\/v2\/tags?post=110178"}],"curies":[{"name":"wp","href":"https:\/\/api.w.org\/{rel}","templated":true}]}}