{"id":110185,"date":"2025-12-07T15:58:09","date_gmt":"2025-12-07T15:58:09","guid":{"rendered":"https:\/\/www.europesays.com\/fi\/110185\/"},"modified":"2025-12-07T15:58:09","modified_gmt":"2025-12-07T15:58:09","slug":"veera-kauppi-tykitti-kuusi-maalia-mm-kisoissa","status":"publish","type":"post","link":"https:\/\/www.europesays.com\/fi\/110185\/","title":{"rendered":"Veera Kauppi tykitti kuusi maalia MM-kisoissa"},"content":{"rendered":"<p>Suomi hoiti Slovakian tyylikk\u00e4\u00e4sti.<\/p>\n<p><img decoding=\"async\" class=\"image image-show image-preview\" src=\"https:\/\/www.europesays.com\/fi\/wp-content\/uploads\/2025\/12\/b128e25754d41f833e290491816c49b6f28eedbe64260454b8a9996357efddfe.jpg\" alt=\"\"\/><img decoding=\"async\" class=\"image image-show\" src=\"https:\/\/www.europesays.com\/fi\/wp-content\/uploads\/2025\/12\/1765123089_666_b128e25754d41f833e290491816c49b6f28eedbe64260454b8a9996357efddfe.jpg\" alt=\"\"\/><\/p>\n<p>Veera Kauppi johdatti Suomen selv\u00e4\u00e4n voittoon. Juha Hautakangas \/ Salibandyliitto<\/p>\n<p class=\"paragraph\">Suomen naisten salibandymaajoukkue avasi voittotilins\u00e4 MM-kisojen lohkovaiheessa sunnuntaina. Slovakia j\u00e4i Suomen jalkoihin maalein 13\u20134 T\u0161ekin Brnossa.<\/p>\n<p class=\"paragraph\">Suomen tehokkaimpana loisti <strong>Veera Kauppi<\/strong>, joka kirjautti pisteet 6+2. Kaksoissisko <strong>Oona Kauppi<\/strong> s\u00e4esti tehoin 0+4.<\/p>\n<p class=\"paragraph\">Lauantain avausottelu Ruotsia vastaan p\u00e4\u00e4ttyi 3\u20133-tasapeliin. Lohkon ykk\u00f6spaikka on yh\u00e4 otettavissa.<\/p>\n<p class=\"paragraph\">\u2013\u2009Tulee maalintekokisa Ruotsia vastaan ykk\u00f6spaikasta, Kauppi ennakoi Ylen haastattelussa.<\/p>\n<p class=\"paragraph\">Ruotsi ja Puola pelaavat my\u00f6hemmin sunnuntai-iltana. Suomen viimeinen alkulohko-ottelu Puolaa vastaan pelataan maanantaina kello 14.45.<\/p>\n","protected":false},"excerpt":{"rendered":"Suomi hoiti Slovakian tyylikk\u00e4\u00e4sti. Veera Kauppi johdatti Suomen selv\u00e4\u00e4n voittoon. Juha Hautakangas \/ Salibandyliitto Suomen naisten salibandymaajoukkue avasi&hellip;\n","protected":false},"author":2,"featured_media":110186,"comment_status":"","ping_status":"","sticky":false,"template":"","format":"standard","meta":{"footnotes":""},"categories":[5],"tags":[35,22,23,26,27,33,31,30,17,24,25,41,28,29,15,18,21,32,19,20,161,16],"class_list":{"0":"post-110185","1":"post","2":"type-post","3":"status-publish","4":"format-standard","5":"has-post-thumbnail","7":"category-otsikot","8":"tag-24h","9":"tag-breaking-news","10":"tag-breakingnews","11":"tag-featured-news","12":"tag-featurednews","13":"tag-fi","14":"tag-finland","15":"tag-finnish","16":"tag-headlines","17":"tag-latest-news","18":"tag-latestnews","19":"tag-liikunta-ja-urheilu","20":"tag-main-news","21":"tag-mainnews","22":"tag-news","23":"tag-otsikot","24":"tag-paauutiset","25":"tag-suomi","26":"tag-top-stories","27":"tag-topstories","28":"tag-urheilutapahtumat","29":"tag-uutiset"},"share_on_mastodon":{"url":"https:\/\/pubeurope.com\/@fi\/115679114453647597","error":""},"_links":{"self":[{"href":"https:\/\/www.europesays.com\/fi\/wp-json\/wp\/v2\/posts\/110185","targetHints":{"allow":["GET"]}}],"collection":[{"href":"https:\/\/www.europesays.com\/fi\/wp-json\/wp\/v2\/posts"}],"about":[{"href":"https:\/\/www.europesays.com\/fi\/wp-json\/wp\/v2\/types\/post"}],"author":[{"embeddable":true,"href":"https:\/\/www.europesays.com\/fi\/wp-json\/wp\/v2\/users\/2"}],"replies":[{"embeddable":true,"href":"https:\/\/www.europesays.com\/fi\/wp-json\/wp\/v2\/comments?post=110185"}],"version-history":[{"count":0,"href":"https:\/\/www.europesays.com\/fi\/wp-json\/wp\/v2\/posts\/110185\/revisions"}],"wp:featuredmedia":[{"embeddable":true,"href":"https:\/\/www.europesays.com\/fi\/wp-json\/wp\/v2\/media\/110186"}],"wp:attachment":[{"href":"https:\/\/www.europesays.com\/fi\/wp-json\/wp\/v2\/media?parent=110185"}],"wp:term":[{"taxonomy":"category","embeddable":true,"href":"https:\/\/www.europesays.com\/fi\/wp-json\/wp\/v2\/categories?post=110185"},{"taxonomy":"post_tag","embeddable":true,"href":"https:\/\/www.europesays.com\/fi\/wp-json\/wp\/v2\/tags?post=110185"}],"curies":[{"name":"wp","href":"https:\/\/api.w.org\/{rel}","templated":true}]}}