{"id":110187,"date":"2025-12-07T16:10:13","date_gmt":"2025-12-07T16:10:13","guid":{"rendered":"https:\/\/www.europesays.com\/fi\/110187\/"},"modified":"2025-12-07T16:10:13","modified_gmt":"2025-12-07T16:10:13","slug":"suvi-terasniska-valvoi-yolla-eika-itkemisesta-tullut-loppua","status":"publish","type":"post","link":"https:\/\/www.europesays.com\/fi\/110187\/","title":{"rendered":"Suvi Ter\u00e4sniska valvoi y\u00f6ll\u00e4 eik\u00e4 itkemisest\u00e4 tullut loppua"},"content":{"rendered":"<p>Suvi Ter\u00e4sniska kertoo vollottaneensa koko y\u00f6n.<\/p>\n<p>Syyn\u00e4 oli se, ettei h\u00e4n ensin saanut unta, ja sitten h\u00e4n p\u00e4\u00e4tti ryhty\u00e4 katsomaan Katri Helenan olympiastadionin konsertista tehty\u00e4 taltiointia.<\/p>\n<p>-Her\u00e4sin ja sit m\u00e4 en saanut unta. Sit tajusin ett\u00e4 onkohan se konsertti jo tullut katsottavaksi Yle Areenassa, ja olihan se. Sitten min\u00e4 itkin ja katsoin sit\u00e4 konserttia ja lapset nukkuivat vieress\u00e4 ja kuorsasivat, Suvi kertoo Insta-tarinoidensa puolella.<\/p>\n<p>Suvi toteaa, ett\u00e4 konserttia voi katsoa kolmen vuoden ajan.<\/p>\n<p>-Itse aion katsoa sen monta, monta kertaa, h\u00e4n vannoo seuraajilleen.<\/p>\n<p>Lue my\u00f6s: <a href=\"https:\/\/www.como.fi\/uutiset\/tasta-uutisesta-moni-suvi-terasnikan-fani-pettyy\/\" title=\"T\u00e4st\u00e4 uutisesta moni Suvi Ter\u00e4sniskan fani pettyy\" class=\"underline-custom !font-montserrat !font-bold !underline-offset-4 !decoration-4 !decoration-red-600 !text-md\" rel=\"nofollow noopener\" target=\"_blank\">T\u00e4st\u00e4 uutisesta moni Suvi Ter\u00e4sniskan fani pettyy<\/a><\/p>\n<p>-Se on kansallisaarre se koko konsertti!<\/p>\n<p>Lue my\u00f6s: <a href=\"https:\/\/www.como.fi\/uutiset\/suvi-terasniska-sai-hurjia-konkurssiuutisia-tiedottaa-nyt-kaikille-faneilleen-tarkeita\/\" title=\"Suvi Ter\u00e4sniska sai hurjia konkurssiuutisia \u2013 tiedottaa nyt kaikille faneilleen t\u00e4rkeit\u00e4\" class=\"underline-custom !font-montserrat !font-bold !underline-offset-4 !decoration-4 !decoration-red-600 !text-md\" rel=\"nofollow noopener\" target=\"_blank\">Suvi Ter\u00e4sniska sai hurjia konkurssiuutisia \u2013 tiedottaa nyt kaikille faneilleen t\u00e4rkeit\u00e4<\/a><\/p>\n<p>Katri Helena n\u00e4htiin eilen Linnan juhlissa, mutta Suvi oli t\u00f6iss\u00e4, kuten j\u00e4lkipolvien viestikapulaa kuljettavilta ykk\u00f6smuusikoilta odottaakin. Suvi oli yksi eilisen Espoon Metro Areenan itsen\u00e4isyysjuhlakonsertin t\u00e4hdist\u00e4.<\/p>\n<p>Lue my\u00f6s: <a href=\"https:\/\/www.como.fi\/tilaa-comon-uutiskirje\/\" title=\"Tilaa Comon uutiskirje ja tied\u00e4t mist\u00e4 kahvitauolla puhutaan! Nappaa kotimaan tv-vinkit ja puheenaiheet suoraan s\u00e4hk\u00f6postiin t\u00e4st\u00e4.\" class=\"underline-custom !font-montserrat !font-bold !underline-offset-4 !decoration-4 !decoration-red-600 !text-md\" rel=\"nofollow noopener\" target=\"_blank\">Tilaa Comon uutiskirje ja tied\u00e4t mist\u00e4 kahvitauolla puhutaan! Nappaa kotimaan tv-vinkit ja puheenaiheet suoraan s\u00e4hk\u00f6postiin t\u00e4st\u00e4.<\/a><\/p>\n","protected":false},"excerpt":{"rendered":"Suvi Ter\u00e4sniska kertoo vollottaneensa koko y\u00f6n. Syyn\u00e4 oli se, ettei h\u00e4n ensin saanut unta, ja sitten h\u00e4n p\u00e4\u00e4tti&hellip;\n","protected":false},"author":2,"featured_media":95855,"comment_status":"","ping_status":"","sticky":false,"template":"","format":"standard","meta":{"footnotes":""},"categories":[136],"tags":[407,137,33,31,30,408,32,6416,109],"class_list":{"0":"post-110187","1":"post","2":"type-post","3":"status-publish","4":"format-standard","5":"has-post-thumbnail","7":"category-julkkikset","8":"tag-celebrities","9":"tag-entertainment","10":"tag-fi","11":"tag-finland","12":"tag-finnish","13":"tag-julkkikset","14":"tag-suomi","15":"tag-suvi-teru00e4sniska","16":"tag-viihde"},"share_on_mastodon":{"url":"https:\/\/pubeurope.com\/@fi\/115679161414863599","error":""},"_links":{"self":[{"href":"https:\/\/www.europesays.com\/fi\/wp-json\/wp\/v2\/posts\/110187","targetHints":{"allow":["GET"]}}],"collection":[{"href":"https:\/\/www.europesays.com\/fi\/wp-json\/wp\/v2\/posts"}],"about":[{"href":"https:\/\/www.europesays.com\/fi\/wp-json\/wp\/v2\/types\/post"}],"author":[{"embeddable":true,"href":"https:\/\/www.europesays.com\/fi\/wp-json\/wp\/v2\/users\/2"}],"replies":[{"embeddable":true,"href":"https:\/\/www.europesays.com\/fi\/wp-json\/wp\/v2\/comments?post=110187"}],"version-history":[{"count":0,"href":"https:\/\/www.europesays.com\/fi\/wp-json\/wp\/v2\/posts\/110187\/revisions"}],"wp:featuredmedia":[{"embeddable":true,"href":"https:\/\/www.europesays.com\/fi\/wp-json\/wp\/v2\/media\/95855"}],"wp:attachment":[{"href":"https:\/\/www.europesays.com\/fi\/wp-json\/wp\/v2\/media?parent=110187"}],"wp:term":[{"taxonomy":"category","embeddable":true,"href":"https:\/\/www.europesays.com\/fi\/wp-json\/wp\/v2\/categories?post=110187"},{"taxonomy":"post_tag","embeddable":true,"href":"https:\/\/www.europesays.com\/fi\/wp-json\/wp\/v2\/tags?post=110187"}],"curies":[{"name":"wp","href":"https:\/\/api.w.org\/{rel}","templated":true}]}}