{"id":110188,"date":"2025-12-07T16:17:07","date_gmt":"2025-12-07T16:17:07","guid":{"rendered":"https:\/\/www.europesays.com\/fi\/110188\/"},"modified":"2025-12-07T16:17:07","modified_gmt":"2025-12-07T16:17:07","slug":"lando-norris-puhkesi-kyyneliin-tiimiradiossa-nain-reagoi-max-verstappen","status":"publish","type":"post","link":"https:\/\/www.europesays.com\/fi\/110188\/","title":{"rendered":"Lando Norris puhkesi kyyneliin tiimiradiossa \u2013 n\u00e4in reagoi Max Verstappen"},"content":{"rendered":"<p>Lando Norris ajoi maailmanmestariksi.<\/p>\n<p class=\"article-body mb-nof-24 px-nof-16\">McLarenin t\u00e4htikuljettaja <a class=\"article-personlink\" href=\"https:\/\/www.is.fi\/haku\/?query=Lando%20Norris\" rel=\"nofollow noopener\" target=\"_blank\">Lando Norris<\/a> on Formula 1 -sarjan maailmanmestari. Titteli varmistui Abu Dhabissa ajetussa kauden p\u00e4\u00e4t\u00f6skilpailussa, kun Norris sijoittui kolmanneksi. Sijoitus riitti mestaruuteen kahden pisteen erolla kisan voittaneeseen <a class=\"article-personlink\" href=\"https:\/\/www.is.fi\/haku\/?query=Max%20Verstappeniin\" rel=\"nofollow noopener\" target=\"_blank\">Max Verstappeniin<\/a>.<\/p>\n<p class=\"article-body mb-nof-24 px-nof-16\">McLarenin avainhenkil\u00f6t onnittelivat Norrista v\u00e4litt\u00f6m\u00e4sti maaliviivan j\u00e4lkeen.<\/p>\n<p class=\"article-body mb-nof-24 px-nof-16\">\u2013 Onko t\u00e4m\u00e4 maailmanmestarien kuuma linja, McLaren-pomo <a class=\"article-personlink\" href=\"https:\/\/www.is.fi\/haku\/?query=Zak%20Brown\" rel=\"nofollow noopener\" target=\"_blank\">Zak Brown<\/a> huusi radioon.<\/p>\n<p class=\"article-body mb-nof-24 px-nof-16\">\u2013 Joo&#8230;, Norris sai sanottua ennen kuin puhkesi itkem\u00e4\u00e4n.<\/p>\n<p class=\"article-body mb-nof-24 px-nof-16\">Pian Norris sai kiitospuheensa juuri ja juuri pidetty\u00e4.<\/p>\n<p class=\"article-body mb-nof-24 px-nof-16\">\u2013 Kiitos kaverit. Voi luoja, teitte unelmastani totta, kiitos niin paljon! Rakastan teit\u00e4, te ansaitsette t\u00e4m\u00e4n. Rakastan sinua \u00e4iti, rakastan sinua is\u00e4, kiitos kaikesta, Norris sai sanottua kyyneltens\u00e4 l\u00e4pi.<\/p>\n<p class=\"article-body mb-nof-24 px-nof-16\">Verstappen j\u00e4i osakilpailuvoitostaan huolimatta ensimm\u00e4ist\u00e4 kertaa ilman kuljettajien maailmanmestaruutta sitten vuoden 2020. Tiimiradiossa h\u00e4n ei asiaa kuitenkaan juuri harmitellut, vaan kiinnitti huomionsa Red Bullin loppukauden huimaan vireeseen.<\/p>\n<p class=\"article-body mb-nof-24 px-nof-16\">\u2013 Voimme olla tosi ylpeit\u00e4 kauden j\u00e4lkimm\u00e4isest\u00e4 puoliskosta. \u00c4lk\u00e4\u00e4 olko pettyneit\u00e4, min\u00e4 en todellakaan ole pettynyt. Olen tosi ylpe\u00e4 teist\u00e4 kaikista, emme luovuta koskaan, hollantilainen kiitteli.<\/p>\n","protected":false},"excerpt":{"rendered":"Lando Norris ajoi maailmanmestariksi. McLarenin t\u00e4htikuljettaja Lando Norris on Formula 1 -sarjan maailmanmestari. Titteli varmistui Abu Dhabissa ajetussa&hellip;\n","protected":false},"author":2,"featured_media":110189,"comment_status":"","ping_status":"","sticky":false,"template":"","format":"standard","meta":{"footnotes":""},"categories":[158],"tags":[33,31,30,34,159,32,160],"class_list":{"0":"post-110188","1":"post","2":"type-post","3":"status-publish","4":"format-standard","5":"has-post-thumbnail","7":"category-urheilu","8":"tag-fi","9":"tag-finland","10":"tag-finnish","11":"tag-ilta-sanomat","12":"tag-sports","13":"tag-suomi","14":"tag-urheilu"},"share_on_mastodon":{"url":"https:\/\/pubeurope.com\/@fi\/115679189121429252","error":""},"_links":{"self":[{"href":"https:\/\/www.europesays.com\/fi\/wp-json\/wp\/v2\/posts\/110188","targetHints":{"allow":["GET"]}}],"collection":[{"href":"https:\/\/www.europesays.com\/fi\/wp-json\/wp\/v2\/posts"}],"about":[{"href":"https:\/\/www.europesays.com\/fi\/wp-json\/wp\/v2\/types\/post"}],"author":[{"embeddable":true,"href":"https:\/\/www.europesays.com\/fi\/wp-json\/wp\/v2\/users\/2"}],"replies":[{"embeddable":true,"href":"https:\/\/www.europesays.com\/fi\/wp-json\/wp\/v2\/comments?post=110188"}],"version-history":[{"count":0,"href":"https:\/\/www.europesays.com\/fi\/wp-json\/wp\/v2\/posts\/110188\/revisions"}],"wp:featuredmedia":[{"embeddable":true,"href":"https:\/\/www.europesays.com\/fi\/wp-json\/wp\/v2\/media\/110189"}],"wp:attachment":[{"href":"https:\/\/www.europesays.com\/fi\/wp-json\/wp\/v2\/media?parent=110188"}],"wp:term":[{"taxonomy":"category","embeddable":true,"href":"https:\/\/www.europesays.com\/fi\/wp-json\/wp\/v2\/categories?post=110188"},{"taxonomy":"post_tag","embeddable":true,"href":"https:\/\/www.europesays.com\/fi\/wp-json\/wp\/v2\/tags?post=110188"}],"curies":[{"name":"wp","href":"https:\/\/api.w.org\/{rel}","templated":true}]}}