{"id":110194,"date":"2025-12-07T16:22:13","date_gmt":"2025-12-07T16:22:13","guid":{"rendered":"https:\/\/www.europesays.com\/fi\/110194\/"},"modified":"2025-12-07T16:22:13","modified_gmt":"2025-12-07T16:22:13","slug":"lansi-afrikan-beninissa-vallankaappausyritys-yle","status":"publish","type":"post","link":"https:\/\/www.europesays.com\/fi\/110194\/","title":{"rendered":"L\u00e4nsi-Afrikan Beniniss\u00e4 vallankaappausyritys &#8211; Yle"},"content":{"rendered":"<ol>\n<li><a href=\"https:\/\/news.google.com\/rss\/articles\/CBMiVkFVX3lxTE9Cb1EyQ2wxQkZCZzFQMzFNZXlrSEVuVWRvckpwcWx0VUNmaGQxMWZaa1JLQXNUR3ktdkRXeTZqNk1ZWUUtSU5zTjFaZlhhbUs5Q3ZENnJB?oc=5\" target=\"_blank\" rel=\"nofollow noopener\">L\u00e4nsi-Afrikan Beniniss\u00e4 vallankaappausyritys<\/a>&nbsp;&nbsp;Yle<\/li>\n<li><a href=\"https:\/\/news.google.com\/rss\/articles\/CBMiXkFVX3lxTE94Wm9xUElFbGR2YTE5TzZEUVZGU2tGUzFlY0p0LWNJcXRNUXYzRWdJTXVjXzVSeGpwazVFS1g3bkhpN2xBN2FZSmJSQkpzSE40aE9TcngtVnNFcmRxVHc?oc=5\" target=\"_blank\" rel=\"nofollow noopener\">Vallankaappausyritys yhdess\u00e4 Afrikan vakaimmista maista<\/a>&nbsp;&nbsp;Ilta-Sanomat<\/li>\n<li><a href=\"https:\/\/news.google.com\/rss\/articles\/CBMiQkFVX3lxTFBrZ0k4NjlRX2JJSWlOdHlUTVA2bnptZWJZYWhUbW9vZERtbFhXSHhpbUEwWm14alBOLUI2N0RwTDZjUQ?oc=5\" target=\"_blank\" rel=\"nofollow noopener\">Beninin hallitus sanoo torjuneensa vallankaappausyrityksen<\/a>&nbsp;&nbsp;Yle<\/li>\n<li><a href=\"https:\/\/news.google.com\/rss\/articles\/CBMiaEFVX3lxTE1hSENUdTZhclhMTE5rY2toWjFYM2lOQ0FlYTVqb09QVDMxUmVkNGprY1JSbXBUakpwemV5dk1IR1J4ai1vZjM0am5JLTdxa3c0NkdwaHVRenVWVElLMlpQYWZNZnZtd1lL?oc=5\" target=\"_blank\" rel=\"nofollow noopener\">Benin | Benin sanoo kukistaneensa vallankaappausyrityksen alkuunsa<\/a>&nbsp;&nbsp;HS.fi<\/li>\n<li><a href=\"https:\/\/news.google.com\/rss\/articles\/CBMilAFBVV95cUxNS0F1b0dvbmdoOVc1N3JMSFc2WTRDUW0zY3lubHFKa00xOWREXzR0UnZObFpiUUxIZjJMRU5yM01ON2lBaTlmaEluSEh3TDZzMXNqWDlzM1BLVGl5TkhJdmxtektYS1RfR1RCcFdKU0lCcDM0ck9McjJSNks1ZUpBbHMzeE5zRGQ4NW03cWpkdjFkTjNh?oc=5\" target=\"_blank\" rel=\"nofollow noopener\">Sotilaat ilmestyiv\u00e4t televisioon, v\u00e4ite vallankaappauksesta<\/a>&nbsp;&nbsp;Verkkouutiset<\/li>\n<\/ol>\n","protected":false},"excerpt":{"rendered":"L\u00e4nsi-Afrikan Beniniss\u00e4 vallankaappausyritys&nbsp;&nbsp;Yle Vallankaappausyritys yhdess\u00e4 Afrikan vakaimmista maista&nbsp;&nbsp;Ilta-Sanomat Beninin hallitus sanoo torjuneensa vallankaappausyrityksen&nbsp;&nbsp;Yle Benin | Benin sanoo kukistaneensa&hellip;\n","protected":false},"author":2,"featured_media":74,"comment_status":"","ping_status":"","sticky":false,"template":"","format":"standard","meta":{"footnotes":""},"categories":[14],"tags":[22,23,26,27,33,31,30,17,24,25,28,29,15,18,21,32,19,20,56,16,59,60,61],"class_list":{"0":"post-110194","1":"post","2":"type-post","3":"status-publish","4":"format-standard","5":"has-post-thumbnail","7":"category-ulkomaat","8":"tag-breaking-news","9":"tag-breakingnews","10":"tag-featured-news","11":"tag-featurednews","12":"tag-fi","13":"tag-finland","14":"tag-finnish","15":"tag-headlines","16":"tag-latest-news","17":"tag-latestnews","18":"tag-main-news","19":"tag-mainnews","20":"tag-news","21":"tag-otsikot","22":"tag-paauutiset","23":"tag-suomi","24":"tag-top-stories","25":"tag-topstories","26":"tag-ulkomaat","27":"tag-uutiset","28":"tag-world","29":"tag-world-news","30":"tag-worldnews"},"share_on_mastodon":{"url":"https:\/\/pubeurope.com\/@fi\/115679208641716571","error":""},"_links":{"self":[{"href":"https:\/\/www.europesays.com\/fi\/wp-json\/wp\/v2\/posts\/110194","targetHints":{"allow":["GET"]}}],"collection":[{"href":"https:\/\/www.europesays.com\/fi\/wp-json\/wp\/v2\/posts"}],"about":[{"href":"https:\/\/www.europesays.com\/fi\/wp-json\/wp\/v2\/types\/post"}],"author":[{"embeddable":true,"href":"https:\/\/www.europesays.com\/fi\/wp-json\/wp\/v2\/users\/2"}],"replies":[{"embeddable":true,"href":"https:\/\/www.europesays.com\/fi\/wp-json\/wp\/v2\/comments?post=110194"}],"version-history":[{"count":0,"href":"https:\/\/www.europesays.com\/fi\/wp-json\/wp\/v2\/posts\/110194\/revisions"}],"wp:featuredmedia":[{"embeddable":true,"href":"https:\/\/www.europesays.com\/fi\/wp-json\/wp\/v2\/media\/74"}],"wp:attachment":[{"href":"https:\/\/www.europesays.com\/fi\/wp-json\/wp\/v2\/media?parent=110194"}],"wp:term":[{"taxonomy":"category","embeddable":true,"href":"https:\/\/www.europesays.com\/fi\/wp-json\/wp\/v2\/categories?post=110194"},{"taxonomy":"post_tag","embeddable":true,"href":"https:\/\/www.europesays.com\/fi\/wp-json\/wp\/v2\/tags?post=110194"}],"curies":[{"name":"wp","href":"https:\/\/api.w.org\/{rel}","templated":true}]}}