{"id":110199,"date":"2025-12-07T16:36:12","date_gmt":"2025-12-07T16:36:12","guid":{"rendered":"https:\/\/www.europesays.com\/fi\/110199\/"},"modified":"2025-12-07T16:36:12","modified_gmt":"2025-12-07T16:36:12","slug":"dramaattinen-hetki-esti-suvi-minkkisen-taydellisen-viikonlopun-ehka-joku-ajatuksen-kymmenys","status":"publish","type":"post","link":"https:\/\/www.europesays.com\/fi\/110199\/","title":{"rendered":"Dramaattinen hetki esti Suvi Minkkisen t\u00e4ydellisen viikonlopun \u2013 \u201dEhk\u00e4 joku ajatuksen kymmenys\u201d"},"content":{"rendered":"<p>Suvi Minkkinen lupaa, ett\u00e4 kiristysvaraa l\u00f6ytyy viel\u00e4. <\/p>\n<p><img decoding=\"async\" class=\"image image-show image-preview\" src=\"https:\/\/www.europesays.com\/fi\/wp-content\/uploads\/2025\/12\/9e4d5c21601f44e23b19010bafac0af1937639980b5b6ce8bac653234d12f8e7.jpg\" alt=\"\"\/><img decoding=\"async\" class=\"image image-show\" src=\"https:\/\/www.europesays.com\/fi\/wp-content\/uploads\/2025\/12\/1765125370_680_9e4d5c21601f44e23b19010bafac0af1937639980b5b6ce8bac653234d12f8e7.jpg\" alt=\"\"\/><\/p>\n<p>Suvi Minkkinen nappasi \u00d6stersundin ykk\u00f6s- ja kakkossijoistaan 36 000 euron palkintorahapotin.  EPA\/AOP<\/p>\n<p class=\"paragraph\">Ampumahiiht\u00e4j\u00e4 <strong>Suvi Minkkisen<\/strong> viikonloppu \u00d6stersundin maailmancupissa oli viimeist\u00e4 silausta vaille t\u00e4ydellinen.<\/p>\n<p class=\"paragraph\">Perjantain kisasta voiton ottanut suomalainen johti takaa-ajomittel\u00f6\u00e4 pitk\u00e4\u00e4n, mutta voitto kariutui viimeisen ammunnan viimeisen laukauksen pummiin, jonka ansiosta nollat naputtanut <strong>Lisa Hauser<\/strong> p\u00e4\u00e4si ensin kantaan ja sitten ohi.<\/p>\n<p class=\"paragraph\">It\u00e4valtalainen vei voiton 2,5 sekunnin erolla.<\/p>\n<p class=\"paragraph\">Minkkinen ei kuitenkaan osannut olla pettynyt ykk\u00f6ssijan karkaamiseen. Olihan tulos 30-vuotiaan urheilijan uran toiseksi paras noteeraus maailmancupissa.<\/p>\n<p class=\"paragraph\">\u2013Olen siit\u00e4 tosi ylpe\u00e4 siit\u00e4, miten pystyin tilanteen k\u00e4sittelem\u00e4\u00e4n ja pit\u00e4m\u00e4\u00e4n suorituksen kasassa tuolla tavalla. Ihan pienesti p\u00e4\u00e4si lipsahtamaan virhe siihen viimeiseen laukaukseen. En ihan l\u00e4htiess\u00e4 ajatellut, ett\u00e4 siit\u00e4 noin vaikea kierros tulisi. Meni vaikeaksi eik\u00e4 ollut enemp\u00e4\u00e4 annettavaa. Hauser oli my\u00f6s tosi vahva lopussa, Minkkinen muistutti Iltalehdelle.<\/p>\n<p class=\"paragraph\">\u2013 Enemm\u00e4n olen iloinen tuosta kokonaisuudesta kuin ett\u00e4 olisin \u00e4rsyyntynyt siit\u00e4 pienest\u00e4 osasta loppua.<\/p>\n<p class=\"paragraph\">Viimeisen t\u00e4pl\u00e4n pudottamalla Minkkinen olisi hiiht\u00e4nyt l\u00e4hes varmaan voittoon. Sakkokierroksen j\u00e4lkeen Hauser p\u00e4\u00e4si 12 sekunnin iskuet\u00e4isyydelle, joka oli lopulta kuolinsuudelma toiselle per\u00e4kk\u00e4iselle j\u00e4ttipotille.<\/p>\n<p class=\"paragraph\">Suomalaisen mukaan pummin taustalla ei ollut henkinen notkahdus.<\/p>\n<p class=\"paragraph\">\u2013 Siin\u00e4 vain tuli ohilaukaus, joita ampumahiihdossa v\u00e4lill\u00e4 tulee. Ehk\u00e4 joku ajatuksen kymmenys sen virheen aiheutti. Ei siin\u00e4 mit\u00e4\u00e4n nyk\u00e4isy\u00e4 tai muuta ollut. Ammun vain ohi, Minkkinen summasi.<\/p>\n<p>\u201dHomma vapautui\u201d<\/p>\n<p>Suvi Minkkisen voitto kaatui toisen pystyammunnan viimeiseen laukaukseen, joka meni ohi.  EPA \/ AOP<\/p>\n<p class=\"paragraph\">Viime kaudella lajinsa huipulle murtautunut Minkkinen sai Ruotsista mukaansa rutkasti itseluottamusta.<\/p>\n<p class=\"paragraph\">On eri asia onnistua satunnaisesti kuin tehd\u00e4 huipputuloksia tasaiseen tahtiin. H\u00e4n uskoo vireen kantavan my\u00f6s ensi viikolle It\u00e4vallan Hochfilzeniin.<\/p>\n<p class=\"paragraph\">\u2013 Nyt on se fiilis, ett\u00e4 t\u00e4m\u00e4 homma v\u00e4h\u00e4n vapautui, kun sain t\u00e4llaisen kovan tuloksen tehty\u00e4. Toki aina se pit\u00e4\u00e4 jokaiseen kisaan hakea erikseen, mutta paljon rennommalla fiiliksell\u00e4 min\u00e4 p\u00e4\u00e4sin t\u00e4h\u00e4n kisaan starttaamaan kuin normaalimatkalle, Minkkinen vakuuttaa.<\/p>\n<p class=\"paragraph\">Hyv\u00e4\u00e4 fiilist\u00e4 saa pumpattua my\u00f6s vilkaisemalla maailmancupin pistetilastoon, jossa h\u00e4nen nimens\u00e4 komeilee ykk\u00f6spaikalla.<\/p>\n<p class=\"paragraph\">\u2013 Aika huikeaa. En ehk\u00e4 tuollaista osannut odottaa. Tosi siisti\u00e4, ett\u00e4 p\u00e4\u00e4see ensi viikonloppuun jatkamaan keltaliivin kanssa. On ollut aika unelma kauden alku, Minkkinen hymyilee.<\/p>\n<p>Mitali mieless\u00e4<\/p>\n<p class=\"paragraph\">Joutsan Pommin urheilijalla on saumat todelliseen superkauteen.<\/p>\n<p class=\"paragraph\">Vaikka nyt kulkee, kuntohuippua h\u00e4n tavoittelee helmikuulle, jolloin ratkotaan olympiamitalit.<\/p>\n<p class=\"paragraph\">\u2013 Kyll\u00e4 se sill\u00e4 tavalla on ajateltu, ett\u00e4 ei ihan viel\u00e4 oltaisi piikiss\u00e4, Minkkinen ilmoittaa.<\/p>\n<p class=\"paragraph\">\u2013 Kiva, ett\u00e4 olen saanut n\u00e4in kovia tuloksia ja pystynyt itselleni n\u00e4ytt\u00e4m\u00e4\u00e4n mihin mahdollisuudet riitt\u00e4v\u00e4t. Olympialaiset on toki kaikille kauden p\u00e4\u00e4tavoite ja siell\u00e4 on varmasti paljon kovavireisi\u00e4 urheilijoita. Yritet\u00e4\u00e4n olla yksi niist\u00e4.<\/p>\n<p class=\"paragraph\">Viiden renkaan kisojen tavoitetta h\u00e4n ei l\u00e4hde peittelem\u00e4\u00e4n.<\/p>\n<p class=\"paragraph\">\u2013 Olen jo aika montaa kertaa sen sanonut, ett\u00e4 olen mitali mieless\u00e4 treenannut.<\/p>\n<p>NAISTEN TAKAA-AJOKILPAILU 10 KM<\/p>\n<p class=\"paragraph\"><strong>Lopputulokset<\/strong><\/p>\n<p class=\"paragraph\">1. Lisa Hauser, It\u00e4valta (0 sakkoa) 30.14,2<\/p>\n<p class=\"paragraph\"><strong>2. Suvi Minkkinen (1) +2,5<\/strong><\/p>\n<p class=\"paragraph\">3. Anna Magnusson, Ruotsi (1) +31,8<\/p>\n<p class=\"paragraph\">4. Camille Bened, Ranska (0) +38,7<\/p>\n<p class=\"paragraph\">5. Maren Kirkeeide, Norja (1) +1.00,0<\/p>\n<p class=\"paragraph\">6. Lucie Charvatova, Tsekki (2) +1.07,4<\/p>\n<p class=\"paragraph\">7. Ella Halvarsson, Ruotsi (2)+1.10,2<\/p>\n<p class=\"paragraph\">8. Oceane Michelon, Ranska (4) +1.17,3<\/p>\n<p class=\"paragraph\">9. Hanna \u00d6berg, Ruotsi (2) +1.12,8<\/p>\n<p class=\"paragraph\">10. Vanessa Voigt, Saksa (0) 1.22,1<\/p>\n<p class=\"paragraph\">&#8212;<\/p>\n<p class=\"paragraph\"><strong>22. Inka H\u00e4m\u00e4l\u00e4inen (3) +2.00,1<\/strong><\/p>\n<p>MAAILMANCUPIN TILANNE<\/p>\n<p class=\"paragraph\"><strong>1. Minkkinen 191 pistett\u00e4<\/strong><\/p>\n<p class=\"paragraph\">2. Magnusson 174<\/p>\n<p class=\"paragraph\">3. Bened 148<\/p>\n<p class=\"paragraph\">4. Hauser 145<\/p>\n<p class=\"paragraph\">5. Wierer 136<\/p>\n<p class=\"paragraph\">6. Kirkeeide 120<\/p>\n<p class=\"paragraph\">7. Michelon 118<\/p>\n<p class=\"paragraph\">8. \u00d6berg 114<\/p>\n<p class=\"paragraph\">9. Jeanmonnot 110<\/p>\n<p class=\"paragraph\">10. Vittozzi 87<\/p>\n<p><a href=\"https:\/\/www.iltalehti.fi\/telkku\/?utm_source=iltalehti.fi&amp;utm_medium=almainternal&amp;utm_campaign=urheilu_artikkelibanneri&amp;utm_content=banner_612_a\" rel=\"nofollow noopener\" target=\"_blank\"><img decoding=\"async\" src=\"https:\/\/www.europesays.com\/fi\/wp-content\/uploads\/2025\/08\/7ef604e47d46ca174b7df4149bd3557dbde56a86d520f8e1b2125548b0a2e03a.png\" alt=\"TV-ohjelmat t\u00e4n\u00e4\u00e4n, TV-opas\"\/><\/a><\/p>\n","protected":false},"excerpt":{"rendered":"Suvi Minkkinen lupaa, ett\u00e4 kiristysvaraa l\u00f6ytyy viel\u00e4. Suvi Minkkinen nappasi \u00d6stersundin ykk\u00f6s- ja kakkossijoistaan 36 000 euron palkintorahapotin.&hellip;\n","protected":false},"author":2,"featured_media":110200,"comment_status":"","ping_status":"","sticky":false,"template":"","format":"standard","meta":{"footnotes":""},"categories":[136],"tags":[35,407,137,33,31,30,408,41,3318,2668,32,1145,161,109],"class_list":{"0":"post-110199","1":"post","2":"type-post","3":"status-publish","4":"format-standard","5":"has-post-thumbnail","7":"category-julkkikset","8":"tag-24h","9":"tag-celebrities","10":"tag-entertainment","11":"tag-fi","12":"tag-finland","13":"tag-finnish","14":"tag-julkkikset","15":"tag-liikunta-ja-urheilu","16":"tag-maastohiihto","17":"tag-pohjoismaiset-hiihtolajit","18":"tag-suomi","19":"tag-talviurheilu","20":"tag-urheilutapahtumat","21":"tag-viihde"},"share_on_mastodon":{"url":"https:\/\/pubeurope.com\/@fi\/115679264021228164","error":""},"_links":{"self":[{"href":"https:\/\/www.europesays.com\/fi\/wp-json\/wp\/v2\/posts\/110199","targetHints":{"allow":["GET"]}}],"collection":[{"href":"https:\/\/www.europesays.com\/fi\/wp-json\/wp\/v2\/posts"}],"about":[{"href":"https:\/\/www.europesays.com\/fi\/wp-json\/wp\/v2\/types\/post"}],"author":[{"embeddable":true,"href":"https:\/\/www.europesays.com\/fi\/wp-json\/wp\/v2\/users\/2"}],"replies":[{"embeddable":true,"href":"https:\/\/www.europesays.com\/fi\/wp-json\/wp\/v2\/comments?post=110199"}],"version-history":[{"count":0,"href":"https:\/\/www.europesays.com\/fi\/wp-json\/wp\/v2\/posts\/110199\/revisions"}],"wp:featuredmedia":[{"embeddable":true,"href":"https:\/\/www.europesays.com\/fi\/wp-json\/wp\/v2\/media\/110200"}],"wp:attachment":[{"href":"https:\/\/www.europesays.com\/fi\/wp-json\/wp\/v2\/media?parent=110199"}],"wp:term":[{"taxonomy":"category","embeddable":true,"href":"https:\/\/www.europesays.com\/fi\/wp-json\/wp\/v2\/categories?post=110199"},{"taxonomy":"post_tag","embeddable":true,"href":"https:\/\/www.europesays.com\/fi\/wp-json\/wp\/v2\/tags?post=110199"}],"curies":[{"name":"wp","href":"https:\/\/api.w.org\/{rel}","templated":true}]}}