{"id":110245,"date":"2025-12-07T17:40:14","date_gmt":"2025-12-07T17:40:14","guid":{"rendered":"https:\/\/www.europesays.com\/fi\/110245\/"},"modified":"2025-12-07T17:40:14","modified_gmt":"2025-12-07T17:40:14","slug":"lansi-afrikan-beninissa-vallankaappausyritys-uutisia-lyhyesti","status":"publish","type":"post","link":"https:\/\/www.europesays.com\/fi\/110245\/","title":{"rendered":"L\u00e4nsi-Afrikan Beniniss\u00e4 vallankaappausyritys | Uutisia lyhyesti"},"content":{"rendered":"<p class=\"aw-1gybjub aw-5vja16 kEtdKx kmuxyA yle__article__paragraph\">Joukko sotilaita v\u00e4itti valtiontelevisiossa syrj\u00e4ytt\u00e4neens\u00e4 presidentin. Maan hallitus sanoo, ett\u00e4 tilanne on hallinnassa.<\/p>\n<p class=\"aw-1gybjub aw-1p7kakr kEtdKx cEmitX yle__article__paragraph\">L\u00e4nsi-Afrikan Beniniss\u00e4 on meneill\u00e4\u00e4n vallankaappausyritys.<\/p>\n<p class=\"aw-1gybjub aw-1p7kakr kEtdKx cEmitX yle__article__paragraph\">Joukko sotilaita ilmestyi Beninin valtiontelevisioon ja ilmoitti syrj\u00e4ytt\u00e4v\u00e4ns\u00e4 maan hallituksen ja presidentin <strong class=\"aw-ak79eh KyCXm yle__article__strong\">Patrice Talonin<\/strong>. Sotilaat v\u00e4ittiv\u00e4t, ett\u00e4 perustuslaki on kumottu, kaikki instituutiot on hajotettu ja poliittisten puolueiden toiminta on toistaiseksi kielletty.<\/p>\n<p class=\"aw-1gybjub aw-1p7kakr kEtdKx cEmitX yle__article__paragraph\">Sotilaat perustelivat vallankaappausta vahingoilla, joita Talon on heid\u00e4n mukaansa maalle aiheuttanut. Sotilasjoukko kertoi, ett\u00e4 he ovat valinneet johtoonsa everstiluutnantti <strong class=\"aw-ak79eh KyCXm yle__article__strong\">Pascal Tigrin<\/strong>.<\/p>\n<p class=\"aw-1gybjub aw-1p7kakr kEtdKx cEmitX yle__article__paragraph\">Beninin hallituksen mukaan tilanne on hallinnassa, ja presidentti Talonille uskolliset joukot pyrkiv\u00e4t est\u00e4m\u00e4\u00e4n vallankaappauksen.<\/p>\n<p class=\"aw-1gybjub aw-1p7kakr kEtdKx cEmitX yle__article__paragraph\">Ranskan suurl\u00e4hetyst\u00f6 kertoi Facebookissa, ett\u00e4 laukauksia oli raportoitu Talonin asunnon l\u00e4hell\u00e4 maan p\u00e4\u00e4kaupungissa Cotonoussa sunnuntaina.<\/p>\n<p class=\"aw-1gybjub aw-1p7kakr kEtdKx cEmitX yle__article__paragraph\">L\u00e4nsi- ja Keski-Afrikassa on tapahtunut useita vallankaappausyrityksi\u00e4 viime vuosina. Viimeisint\u00e4 yritettiin marraskuun lopussa <a class=\"aw-iao6s4 iHOxEa yle__article__link\" href=\"https:\/\/yle.fi\/a\/74-20196385\" role=\"link\" rel=\"nofollow noopener\" target=\"_blank\">Guinea-Bissaussa<\/a>.<\/p>\n<p class=\"aw-1gybjub aw-1p7kakr kEtdKx cEmitX yle__article__paragraph\">L\u00e4hde: Reuters<\/p>\n","protected":false},"excerpt":{"rendered":"Joukko sotilaita v\u00e4itti valtiontelevisiossa syrj\u00e4ytt\u00e4neens\u00e4 presidentin. Maan hallitus sanoo, ett\u00e4 tilanne on hallinnassa. L\u00e4nsi-Afrikan Beniniss\u00e4 on meneill\u00e4\u00e4n vallankaappausyritys.&hellip;\n","protected":false},"author":2,"featured_media":74,"comment_status":"","ping_status":"","sticky":false,"template":"","format":"standard","meta":{"footnotes":"","_share_on_mastodon":"0"},"categories":[14],"tags":[20534,22,23,26,27,33,31,30,17,70,19016,24,25,28,29,15,18,21,32,19,20,56,16,9325,59,60,61],"class_list":["post-110245","post","type-post","status-publish","format-standard","has-post-thumbnail","category-ulkomaat","tag-benin","tag-breaking-news","tag-breakingnews","tag-featured-news","tag-featurednews","tag-fi","tag-finland","tag-finnish","tag-headlines","tag-kansainvalinen-politiikka","tag-lansi-afrikka","tag-latest-news","tag-latestnews","tag-main-news","tag-mainnews","tag-news","tag-otsikot","tag-paauutiset","tag-suomi","tag-top-stories","tag-topstories","tag-ulkomaat","tag-uutiset","tag-vallankaappaukset","tag-world","tag-world-news","tag-worldnews"],"share_on_mastodon":{"url":"https:\/\/pubeurope.com\/@fi\/115679515333324383","error":""},"_links":{"self":[{"href":"https:\/\/www.europesays.com\/fi\/wp-json\/wp\/v2\/posts\/110245","targetHints":{"allow":["GET"]}}],"collection":[{"href":"https:\/\/www.europesays.com\/fi\/wp-json\/wp\/v2\/posts"}],"about":[{"href":"https:\/\/www.europesays.com\/fi\/wp-json\/wp\/v2\/types\/post"}],"author":[{"embeddable":true,"href":"https:\/\/www.europesays.com\/fi\/wp-json\/wp\/v2\/users\/2"}],"replies":[{"embeddable":true,"href":"https:\/\/www.europesays.com\/fi\/wp-json\/wp\/v2\/comments?post=110245"}],"version-history":[{"count":0,"href":"https:\/\/www.europesays.com\/fi\/wp-json\/wp\/v2\/posts\/110245\/revisions"}],"wp:featuredmedia":[{"embeddable":true,"href":"https:\/\/www.europesays.com\/fi\/wp-json\/wp\/v2\/media\/74"}],"wp:attachment":[{"href":"https:\/\/www.europesays.com\/fi\/wp-json\/wp\/v2\/media?parent=110245"}],"wp:term":[{"taxonomy":"category","embeddable":true,"href":"https:\/\/www.europesays.com\/fi\/wp-json\/wp\/v2\/categories?post=110245"},{"taxonomy":"post_tag","embeddable":true,"href":"https:\/\/www.europesays.com\/fi\/wp-json\/wp\/v2\/tags?post=110245"}],"curies":[{"name":"wp","href":"https:\/\/api.w.org\/{rel}","templated":true}]}}