{"id":110275,"date":"2025-12-07T18:24:08","date_gmt":"2025-12-07T18:24:08","guid":{"rendered":"https:\/\/www.europesays.com\/fi\/110275\/"},"modified":"2025-12-07T18:24:08","modified_gmt":"2025-12-07T18:24:08","slug":"cheekin-uusi-albumi-teki-historiaa","status":"publish","type":"post","link":"https:\/\/www.europesays.com\/fi\/110275\/","title":{"rendered":"Cheekin uusi albumi teki historiaa!"},"content":{"rendered":"<p>\n            Cheek Jare Tiihonen Valot Sammuu viimeinen esiintyminen Lahti 2018-08-25<br \/>\n            WWW.PASIMURTO.COM\n        <\/p>\n<p class=\"subtitle \">Cheekin tribuuttialbumi teki historiaa.<\/p>\n<p class=\"article-content article-content-width !bg-background\">, eli , tribuuttialbumi teki kotimaista musiikkihistoriaa, kun se rikkoi ensimm\u00e4isen p\u00e4iv\u00e4n streaming-enn\u00e4tyksen.\u00a0<\/p>\n<p>        <a itemprop=\"url\" href=\"https:\/\/www.seiska.fi\/kotimaa\/jare-tiihonen-rikkoi-hiljaisuuden-jattimainen-uutinen\/2010401\" rel=\"nofollow noopener\" target=\"_blank\"><\/p>\n<p>\nRikkoi hiljaisuuden\n<\/p>\n<p class=\"section-date\">\n        <strong class=\"article-section\" data-section=\"kotimaa\"><br \/>\n            kotimaa<br \/>\n        <\/strong><br \/>\n        3.12. 12:54\n    <\/p>\n<p>Jare Tiihonen rikkoi hiljaisuuden: J\u00e4ttim\u00e4inen uutinen\n    <\/p>\n<p itemprop=\"description\" class=\"subtitle \">\n    Jare kertoi uudesta musiikista poikkeuksellisen paljastuksen muodossa.\n<\/p>\n<p>        <\/a><\/p>\n<p class=\"article-content article-content-width !bg-background\">Unitas Sigma -tribuuttialbumi ker\u00e4si siis ilmestymisp\u00e4iv\u00e4n\u00e4\u00e4n enemm\u00e4n striimauskertoja, kuin mik\u00e4\u00e4n toinen kotimaisen musiikin albumi aiemmin.<\/p>\n<p class=\"article-content article-content-width !bg-background\">Asia selvi\u00e4\u00e4 Sony Music Finlandin eilisest\u00e4 (6.12.) <a href=\"https:\/\/www.instagram.com\/sonymusicfinland\/\" aria-label=\"Sony Music Finlandin Instagram\" target=\"_blank\" rel=\"nofollow noopener\">Instagram<\/a>-julkaisusta. Albumi ilmestyi musiikin suoratoistopalveluihin 5.12.<\/p>\n<p class=\"article-content article-content-width !bg-background\">10 kappaletta Cheekin biisej\u00e4 uudelleen versioituina sis\u00e4lt\u00e4v\u00e4 levyk\u00e4inen ker\u00e4si ilmestymisp\u00e4iv\u00e4n\u00e4\u00e4n hurjat 2 015 303 streamausta.<\/p>\n<p>Nimek\u00e4s artistikattaus<\/p>\n<p class=\"article-content article-content-width !bg-background\">Albumilla esiintyy nimek\u00e4s joukko Suomen eturivin artisteja.\u00a0<\/p>\n<p class=\"article-content article-content-width !bg-background\">Cheekin kappaleita versioivat muun muassa , , ,  sek\u00e4 .<\/p>\n<p>        <a itemprop=\"url\" href=\"https:\/\/www.seiska.fi\/vain-seiskassa\/jare-tiihosen-rahatilanteesta-paljastui-outo-yksityiskohta\/1991029\" rel=\"nofollow noopener\" target=\"_blank\"><\/p>\n<p>\nJare Tiihonen\n<\/p>\n<p class=\"section-date\">\n        <strong class=\"article-section\" data-section=\"vain seiskassa\"><br \/>\n            vain seiskassa<br \/>\n        <\/strong><br \/>\n        14.11. 05:00\n    <\/p>\n<p>Jare Tiihosen rahatilanteesta paljastui outo yksityiskohta\n    <\/p>\n<p itemprop=\"description\" class=\"subtitle \">\n    Vuonna 2018 uransa p\u00e4\u00e4tt\u00e4nyt rap-artisti Cheek eli Jare Tiihonen on kunnostautunut parkkisakkojen ker\u00e4ilij\u00e4n\u00e4.\n<\/p>\n<p>        <\/a><\/p>\n<p class=\"article-content article-content-width !bg-background\">Uuteen uskoon on laitettu esimerkiksi sellaiset hittibiisit kuin Syyp\u00e4\u00e4 sun hymyyn, Mit\u00e4 t\u00e4nne j\u00e4\u00e4 sek\u00e4 Jehu.<\/p>\n<p>El\u00e4k\u00f6itynyt r\u00e4pp\u00e4ri<\/p>\n<p class=\"article-content article-content-width !bg-background\">15-kertainen Emma-voittaja lopetti r\u00e4pp\u00e4rin uransa n\u00e4ytt\u00e4v\u00e4sti vuonna 2018. Tuolloin h\u00e4n esiintyi kotikaupunkinsa Lahden m\u00e4kimontulla kahdessa j\u00e4\u00e4hyv\u00e4iskonsertissa. Konsertit ker\u00e4siv\u00e4t paikalle yhteens\u00e4 noin 60 000 musiikin yst\u00e4v\u00e4\u00e4.<\/p>\n<p>        <a itemprop=\"url\" href=\"https:\/\/www.seiska.fi\/kotimaa\/jere-tiihosen-paljonpuhuva-kuva-herkistaa\/1982056\" rel=\"nofollow noopener\" target=\"_blank\"><\/p>\n<p>\nJere Tiihonen\n<\/p>\n<p class=\"section-date\">\n        <strong class=\"article-section\" data-section=\"kotimaa\"><br \/>\n            kotimaa<br \/>\n        <\/strong><br \/>\n        3.11. 15:28\n    <\/p>\n<p>Jere Tiihosen paljonpuhuva kuva herkist\u00e4\u00e4\n    <\/p>\n<p itemprop=\"description\" class=\"subtitle \">\n    Tiihosten perhe koki suuren menetyksen 13 vuotta sitten.\n<\/p>\n<p>        <\/a><\/p>\n<p class=\"article-content article-content-width !bg-background\">Uransa h\u00e4n p\u00e4\u00e4si lopettamaan huipulla, sill\u00e4\u00a0 vuonna 2008 ilmestyneen Liekeiss\u00e4 -biisin j\u00e4lkeen Cheek roikkui tasaisin v\u00e4liajoin listojen k\u00e4rkisijoilla.\u00a0<\/p>\n<p class=\"article-content article-content-width !bg-background\">Lis\u00e4potkua uralleen h\u00e4n sai osallistumassa Vain el\u00e4m\u00e4\u00e4 -ohjelman ensimm\u00e4iselle tuotantokaudelle vuonna 2012. Tuolloin hiteiksi h\u00e4nen esitt\u00e4mist\u00e4\u00e4n biisiversioista nousivat Tinakenk\u00e4tytt\u00f6 sek\u00e4 Puhelinlangat laulaa\u00a0 \u2013 alkuper\u00e4isesitt\u00e4jin\u00e4\u00e4n  ja , t\u00e4ss\u00e4 j\u00e4rjestyksess\u00e4.<\/p>\n<p><script async src=\"\/\/www.instagram.com\/embed.js\"><\/script><\/p>\n","protected":false},"excerpt":{"rendered":"Cheek Jare Tiihonen Valot Sammuu viimeinen esiintyminen Lahti 2018-08-25 WWW.PASIMURTO.COM Cheekin tribuuttialbumi teki historiaa. , eli , tribuuttialbumi&hellip;\n","protected":false},"author":2,"featured_media":110276,"comment_status":"","ping_status":"","sticky":false,"template":"","format":"standard","meta":{"footnotes":""},"categories":[132],"tags":[1866,137,33,31,30,2711,195,47,20541,20543,32,20542,109],"class_list":{"0":"post-110275","1":"post","2":"type-post","3":"status-publish","4":"format-standard","5":"has-post-thumbnail","7":"category-musiikki","8":"tag-cheek","9":"tag-entertainment","10":"tag-fi","11":"tag-finland","12":"tag-finnish","13":"tag-jare-tiihonen","14":"tag-music","15":"tag-musiikki","16":"tag-streaming-ennatys","17":"tag-suomen-artistit","18":"tag-suomi","19":"tag-unitas-sigma","20":"tag-viihde"},"share_on_mastodon":{"url":"https:\/\/pubeurope.com\/@fi\/115679688378281447","error":""},"_links":{"self":[{"href":"https:\/\/www.europesays.com\/fi\/wp-json\/wp\/v2\/posts\/110275","targetHints":{"allow":["GET"]}}],"collection":[{"href":"https:\/\/www.europesays.com\/fi\/wp-json\/wp\/v2\/posts"}],"about":[{"href":"https:\/\/www.europesays.com\/fi\/wp-json\/wp\/v2\/types\/post"}],"author":[{"embeddable":true,"href":"https:\/\/www.europesays.com\/fi\/wp-json\/wp\/v2\/users\/2"}],"replies":[{"embeddable":true,"href":"https:\/\/www.europesays.com\/fi\/wp-json\/wp\/v2\/comments?post=110275"}],"version-history":[{"count":0,"href":"https:\/\/www.europesays.com\/fi\/wp-json\/wp\/v2\/posts\/110275\/revisions"}],"wp:featuredmedia":[{"embeddable":true,"href":"https:\/\/www.europesays.com\/fi\/wp-json\/wp\/v2\/media\/110276"}],"wp:attachment":[{"href":"https:\/\/www.europesays.com\/fi\/wp-json\/wp\/v2\/media?parent=110275"}],"wp:term":[{"taxonomy":"category","embeddable":true,"href":"https:\/\/www.europesays.com\/fi\/wp-json\/wp\/v2\/categories?post=110275"},{"taxonomy":"post_tag","embeddable":true,"href":"https:\/\/www.europesays.com\/fi\/wp-json\/wp\/v2\/tags?post=110275"}],"curies":[{"name":"wp","href":"https:\/\/api.w.org\/{rel}","templated":true}]}}