{"id":110316,"date":"2025-12-07T19:24:10","date_gmt":"2025-12-07T19:24:10","guid":{"rendered":"https:\/\/www.europesays.com\/fi\/110316\/"},"modified":"2025-12-07T19:24:10","modified_gmt":"2025-12-07T19:24:10","slug":"ukrainan-asevoimien-entinen-komentaja-zaluznyi-kolme-mahdollista-loppua-sodalle-ulkomaat","status":"publish","type":"post","link":"https:\/\/www.europesays.com\/fi\/110316\/","title":{"rendered":"Ukrainan asevoimien entinen komentaja Zalu\u017enyi: Kolme mahdollista loppua sodalle | Ulkomaat"},"content":{"rendered":"<p class=\"aw-1gybjub aw-5vja16 kEtdKx kmuxyA yle__article__paragraph\">Ukrainan asevoimien entinen komentaja Valeri Zalu\u017enyi n\u00e4kee kolme vaihtoehtoa Ven\u00e4j\u00e4n hy\u00f6kk\u00e4yssodan p\u00e4\u00e4ttymiselle.<\/p>\n<p><img decoding=\"async\" alt=\"Mies sotilasunivormussa, ukrainan lippu hihassa. \" src=\"https:\/\/www.europesays.com\/fi\/wp-content\/uploads\/2025\/12\/39-15659306935cbbfd79c4.jpeg\" class=\"aw-1l9m598 hKVVvP\"\/><\/p>\n<p>Avaa kuvien katselu<\/p>\n<p>Ukrainan asevoimien entinen ylip\u00e4\u00e4llikk\u00f6 Valerii Zalu\u017enyi, osallistumassa Ukrainan parlamentin istuntoon Kiovassa joulukuussa 2022. Kuva: AOP<\/p>\n<p>20:42\u2022P\u00e4ivitetty 20:55<\/p>\n<p class=\"aw-1gybjub aw-1p7kakr kEtdKx cEmitX yle__article__paragraph\">Ukrainan entinen puolustusvoimien komentaja <strong class=\"aw-ak79eh KyCXm yle__article__strong\">Valeri Zalu\u017enyi<\/strong> arvioi ukrainalaismedia <a class=\"aw-iao6s4 iHOxEa yle__article__link\" href=\"https:\/\/www.liga.net\/en\/politics\/opinion\/politics-and-war-reality-vs-expectations\" role=\"link\" rel=\"nofollow noopener\" target=\"_blank\">LIGA.netille<\/a> kirjoittamassaan esseess\u00e4 harvinaisen suorasukaisesti, millaisissa olosuhteissa Ven\u00e4j\u00e4n hy\u00f6kk\u00e4yssota Ukrainaa vastaan voisi p\u00e4\u00e4tty\u00e4.<\/p>\n<p class=\"aw-1gybjub aw-1p7kakr kEtdKx cEmitX yle__article__paragraph\">Zalu\u017enyi nimitettiin Ukrainan asevoimien komentajaksi vuonna 2021. Presidentti Volodymyr Zelenskyi erotti h\u00e4net komentajan paikalta helmikuussa 2024. Nyky\u00e4\u00e4n Zalu\u017enyi toimii Ukrainan suurl\u00e4hettil\u00e4\u00e4n\u00e4 Lontoossa. Ex-komentaja on ajoittain mainittu <a class=\"aw-iao6s4 iHOxEa yle__article__link\" href=\"https:\/\/www.theguardian.com\/world\/ng-interactive\/2025\/aug\/25\/general-envoy-future-ukraine-president-valerii-zaluzhnyi-london-waiting-game\" role=\"link\" rel=\"nofollow noopener\" target=\"_blank\">potentiaalisena presidenttiehdokkaana<\/a> Ukrainassa.<\/p>\n<p class=\"aw-1gybjub aw-1p7kakr kEtdKx cEmitX yle__article__paragraph\">Zalu\u017enyin mukaan ei ole realistista odottaa sodan p\u00e4\u00e4ttyv\u00e4n ratkaisevaan voittoon tai nopeaan romahtamiseen kummankaan osapuolen kohdalla. Sota voi p\u00e4\u00e4tty\u00e4 kompromissiin, pitk\u00e4\u00e4n aselepoon tai pelkk\u00e4\u00e4n v\u00e4liaikaiseen pys\u00e4htyneisyyteen, Zalu\u017enyi kirjoittaa.<\/p>\n<p class=\"aw-1gybjub aw-1p7kakr kEtdKx cEmitX yle__article__paragraph\">H\u00e4n muistuttaa, ett\u00e4 historiassa pitk\u00e4 aselepo on ollut tavallisin tapa lopettaa sotia, eik\u00e4 t\u00e4t\u00e4 vaihtoehtoa voi sulkea pois Ukrainassakaan. Tilanne, jossa rintamalinjat j\u00e4hmettyv\u00e4t ja sota muuttuu pitk\u00e4ksi odotusajaksi, on Zalu\u017enyin mukaan todenn\u00e4k\u00f6inen.<\/p>\n<p><img decoding=\"async\" alt=\"M\u00e4n i kamouflagem\u00f6nstrade jackor st\u00e5r framf\u00f6r en mikrofon.\" src=\"https:\/\/www.europesays.com\/fi\/wp-content\/uploads\/2025\/12\/39-123712065bbf9a5105ee.jpeg\" loading=\"lazy\" class=\"aw-1l9m598 hKVVvP\"\/><\/p>\n<p>Avaa kuvien katselu<\/p>\n<p>Valeri Zalu\u017enyi lausui j\u00e4\u00e4hyv\u00e4issanat ukrainalaisen sotilaan arkulla Kiovassa maaliskuussa 2023. Kuva: Mykhaylo Palinchak \/ SOPA Images \/ Shutterstock \/ All Over PressAselepo Ukrainan etuna<\/p>\n<p class=\"aw-1gybjub aw-1p7kakr kEtdKx cEmitX yle__article__paragraph\">Pitk\u00e4 aselepo tarjoaisi Zalu\u017enyin mukaan Ukrainalle kuitenkin mahdollisuuden heng\u00e4ht\u00e4\u00e4 ja vahvistaa yhteiskunnan kapasiteettia.<\/p>\n<p class=\"aw-1gybjub aw-1p7kakr kEtdKx cEmitX yle__article__paragraph\">\u201dRauha, vaikka se olisi vain seuraavan sodan odotusta, antaa mahdollisuuden uudistuksille ja kehitykselle\u201d, Zalu\u017enyi kirjoittaa.<\/p>\n<p class=\"aw-1gybjub aw-1p7kakr kEtdKx cEmitX yle__article__paragraph\">Zalu\u017enyi korostaa, ett\u00e4 sodan poliittisen tavoitteen m\u00e4\u00e4rittely on ratkaisevan t\u00e4rke\u00e4\u00e4. Ilman selke\u00e4\u00e4 poliittista strategiaa ei voi rakentaa kest\u00e4v\u00e4\u00e4 rauhaa sotilaallisesti, taloudellisesti eik\u00e4 poliittisesti. Zalu\u017enyin mukaan Ukrainan poliittinen tavoite on selv\u00e4 mutta \u00e4\u00e4rimm\u00e4isen vaativa: voitto merkitsisi Ven\u00e4j\u00e4n imperiumin romahtamista ja sen kyvyn uhata Ukrainaa tuhoutumista. Tappio taas tarkoittaisi Ukrainan t\u00e4ydellist\u00e4 miehityst\u00e4 ja valtion luhistumista.<\/p>\n<p class=\"aw-1gybjub aw-1p7kakr kEtdKx cEmitX yle__article__paragraph\">Kaikki ratkaisut n\u00e4iden \u00e4\u00e4rip\u00e4iden v\u00e4lill\u00e4 tarkoittavat k\u00e4yt\u00e4nn\u00f6ss\u00e4 sodan jatkumista jossain muodossa. Siksi Zalu\u017enyin mukaan poliittisen johdon tulee m\u00e4\u00e4ritell\u00e4 yksiselitteisesti, mit\u00e4 sodan lopettaminen tarkoittaa.<\/p>\n<p class=\"aw-1gybjub aw-1p7kakr kEtdKx cEmitX yle__article__paragraph\">Zalu\u017enyin mukaan sodan p\u00e4\u00e4ttyminen riippuu kolmen rintaman yhteisvaikutuksesta: Sotilaallisen, taloudellisen ja poliittisen rintaman voittojen ja tappioiden yhdistelm\u00e4 ratkaisee lopputuloksen.<\/p>\n<p class=\"aw-1gybjub aw-1p7kakr kEtdKx cEmitX yle__article__paragraph\">Yhden rintaman romahtaminen voi luoda rauhan edellytyksi\u00e4, mutta lopputulos riippuu muiden rintamien tilanteesta. Esimerkiksi Ven\u00e4j\u00e4lle \u00e4killinen rauha nostaisi esiin kysymyksi\u00e4 sodan valtavista henkil\u00f6st\u00f6tappioista. Ven\u00e4j\u00e4n sis\u00e4iset paineet voivat est\u00e4\u00e4 Ven\u00e4j\u00e4\u00e4 hyv\u00e4ksym\u00e4st\u00e4 rauhaa ilman merkitt\u00e4vi\u00e4, Ukrainan kannalta raskaita my\u00f6nnytyksi\u00e4, kirjoittaa Zalu\u017enyi.<\/p>\n<p><img decoding=\"async\" alt=\"Puhujankorokkeella istuva Volodymy Zelenskyi k\u00e4ttelee Valeri Zalu\u017enyita.\" src=\"https:\/\/www.europesays.com\/fi\/wp-content\/uploads\/2025\/11\/39-1136938649fe7ba629f7.jpeg\" loading=\"lazy\" class=\"aw-1l9m598 hKVVvP\"\/><\/p>\n<p>Avaa kuvien katselu<\/p>\n<p>Ukrainan presidentti Volodymyr Zelenskyi ja asevoimien ylip\u00e4\u00e4llikk\u00f6 Valeri Zalu\u017enyi maan parlamentisssa hein\u00e4kuussa 2022. Kuva: AOPTurvatakuiden puute pit\u00e4\u00e4 sodan k\u00e4ynniss\u00e4<\/p>\n<p class=\"aw-1gybjub aw-1p7kakr kEtdKx cEmitX yle__article__paragraph\">Zalu\u017enyi arvioi, ett\u00e4 pysyv\u00e4 ja uskottava rauha vaatisi Ukrainalle sellaisia turvatakuita, joita nykyinen kansainv\u00e4linen j\u00e4rjestelm\u00e4 ei pysty tarjoamaan. NATO-j\u00e4senyys ei ole toistaiseksi n\u00e4k\u00f6piiriss\u00e4 eik\u00e4 Ukrainaan ole luvattu realistista pelotetta kansainv\u00e4listen sotilasjoukkojen muodossa.<\/p>\n<p class=\"aw-1gybjub aw-1p7kakr kEtdKx cEmitX yle__article__paragraph\">Niin kauan kuin uskottavia turvatakuita ei ole, sota jatkuu tavalla tai toisella \u2013 joko avoimina taisteluina, kuluttavana uuvutussotana tai j\u00e4nnittyneen\u00e4 aselepona, josta kumpikaan osapuoli ei uskalla irrottautua.<\/p>\n<p class=\"aw-1gybjub aw-1p7kakr kEtdKx cEmitX yle__article__paragraph\">Zalu\u017enyi uskoo, ett\u00e4 sota todenn\u00e4k\u00f6isesti jatkuu eri muodoissa, ellei jommallakummalla puolella tapahdu ratkaisevaa poliittista tai taloudellista murrosta.<\/p>\n<p class=\"aw-1gybjub aw-1p7kakr kEtdKx cEmitX yle__article__paragraph\">Sodan loppu ei v\u00e4ltt\u00e4m\u00e4tt\u00e4 tarkoita selke\u00e4\u00e4 voittoa tai tappiota kummallekaan maalle.<\/p>\n<p>Ukrainalaiset joukot taistelevat Harkovan alueen rintamalla joulukuussa 2025. <\/p>\n","protected":false},"excerpt":{"rendered":"Ukrainan asevoimien entinen komentaja Valeri Zalu\u017enyi n\u00e4kee kolme vaihtoehtoa Ven\u00e4j\u00e4n hy\u00f6kk\u00e4yssodan p\u00e4\u00e4ttymiselle. Avaa kuvien katselu Ukrainan asevoimien entinen&hellip;\n","protected":false},"author":2,"featured_media":110317,"comment_status":"","ping_status":"","sticky":false,"template":"","format":"standard","meta":{"footnotes":""},"categories":[14],"tags":[22,23,26,27,33,31,30,17,10595,24,25,28,29,15,18,21,32,19,20,1303,5914,56,16,20546,547,987,3963,59,60,61],"class_list":{"0":"post-110316","1":"post","2":"type-post","3":"status-publish","4":"format-standard","5":"has-post-thumbnail","7":"category-ulkomaat","8":"tag-breaking-news","9":"tag-breakingnews","10":"tag-featured-news","11":"tag-featurednews","12":"tag-fi","13":"tag-finland","14":"tag-finnish","15":"tag-headlines","16":"tag-komentajat","17":"tag-latest-news","18":"tag-latestnews","19":"tag-main-news","20":"tag-mainnews","21":"tag-news","22":"tag-otsikot","23":"tag-paauutiset","24":"tag-suomi","25":"tag-top-stories","26":"tag-topstories","27":"tag-ukraina","28":"tag-ukrainan-asevoimat","29":"tag-ulkomaat","30":"tag-uutiset","31":"tag-valeri-zaluznyi","32":"tag-venaja","33":"tag-venajan-hyokkays","34":"tag-volodymyr-zelenskyi","35":"tag-world","36":"tag-world-news","37":"tag-worldnews"},"share_on_mastodon":{"url":"https:\/\/pubeurope.com\/@fi\/115679924566992607","error":""},"_links":{"self":[{"href":"https:\/\/www.europesays.com\/fi\/wp-json\/wp\/v2\/posts\/110316","targetHints":{"allow":["GET"]}}],"collection":[{"href":"https:\/\/www.europesays.com\/fi\/wp-json\/wp\/v2\/posts"}],"about":[{"href":"https:\/\/www.europesays.com\/fi\/wp-json\/wp\/v2\/types\/post"}],"author":[{"embeddable":true,"href":"https:\/\/www.europesays.com\/fi\/wp-json\/wp\/v2\/users\/2"}],"replies":[{"embeddable":true,"href":"https:\/\/www.europesays.com\/fi\/wp-json\/wp\/v2\/comments?post=110316"}],"version-history":[{"count":0,"href":"https:\/\/www.europesays.com\/fi\/wp-json\/wp\/v2\/posts\/110316\/revisions"}],"wp:featuredmedia":[{"embeddable":true,"href":"https:\/\/www.europesays.com\/fi\/wp-json\/wp\/v2\/media\/110317"}],"wp:attachment":[{"href":"https:\/\/www.europesays.com\/fi\/wp-json\/wp\/v2\/media?parent=110316"}],"wp:term":[{"taxonomy":"category","embeddable":true,"href":"https:\/\/www.europesays.com\/fi\/wp-json\/wp\/v2\/categories?post=110316"},{"taxonomy":"post_tag","embeddable":true,"href":"https:\/\/www.europesays.com\/fi\/wp-json\/wp\/v2\/tags?post=110316"}],"curies":[{"name":"wp","href":"https:\/\/api.w.org\/{rel}","templated":true}]}}