{"id":110354,"date":"2025-12-07T20:30:08","date_gmt":"2025-12-07T20:30:08","guid":{"rendered":"https:\/\/www.europesays.com\/fi\/110354\/"},"modified":"2025-12-07T20:30:08","modified_gmt":"2025-12-07T20:30:08","slug":"hs-noora-hautakangas-poseeraa-alasti-talta-ulkonaon-raju-arvostelu-tuntui","status":"publish","type":"post","link":"https:\/\/www.europesays.com\/fi\/110354\/","title":{"rendered":"HS: Noora Hautakangas poseeraa alasti \u2013 t\u00e4lt\u00e4 ulkon\u00e4\u00f6n raju arvostelu tuntui"},"content":{"rendered":"<p>Noora Hautakangas muistelee Helsingin Sanomissa missiaikojaan.<\/p>\n<p class=\"article-body mb-nof-24 px-nof-16\">Vuoden 2007 Miss Suomi ja Relove-yritt\u00e4j\u00e4 <a class=\"article-personlink\" href=\"https:\/\/www.is.fi\/haku\/?query=Noora%20Hautakangas\" rel=\"nofollow noopener\" target=\"_blank\">Noora Hautakangas<\/a>, 41, poseeraa alasti Helsingin Sanomien <a class=\"article-genericlink\" href=\"https:\/\/www.hs.fi\/kuukausiliite\/art-2000011611775.html\" rel=\"nofollow noopener\" target=\"_blank\">Sielu ja ruumis -palstalla<\/a>.<\/p>\n<p class=\"article-body mb-nof-24 px-nof-16\">\u2013 H\u00e4pesin vartaloani. Olin hontelo poikatytt\u00f6, joka ei hallinnut kunnolla raajojaan. Kuljin liian isoissa vaatteissa peitt\u00e4\u00e4kseni leve\u00e4n\u00e4 pit\u00e4m\u00e4ni lantion. En viel\u00e4k\u00e4\u00e4n ymm\u00e4rr\u00e4, miksi l\u00e4hdin kisoihin, h\u00e4n muistelee missiaikoja HS:lle.<\/p>\n<p class=\"article-body mb-nof-24 px-nof-16\">Voiton j\u00e4lkeen Hautakangas sai kuulla, \u201dmiten v\u00e4\u00e4r\u00e4 missi voitti\u201d.<\/p>\n<p class=\"article-body mb-nof-24 px-nof-16\">\u2013 Ulkon\u00e4k\u00f6\u00e4ni arvosteltiin tosi raa\u2019asti, usein juuri niit\u00e4 piirteit\u00e4, mist\u00e4 olin kaikkein ep\u00e4varmin, kuten painoa ja nen\u00e4\u00e4. Julkinen lytt\u00e4\u00e4minen sai minut ajattelemaan, etten ole mit\u00e4\u00e4n. , h\u00e4n sanoo HS:n haastattelussa.<\/p>\n<p class=\"article-body mb-nof-24 px-nof-16\">H\u00e4n kertoo HS:lle sairastuneensa arvostelun j\u00e4lkeen bulimaan.<\/p>\n<p class=\"article-body mb-nof-24 px-nof-16\">Hautakangas sanoo HS:n palstalla suhtautuvansa itseens\u00e4 nyky\u00e4\u00e4n armollisemmin. Yhteen muutokseen h\u00e4n on kuitenkin valmis.<\/p>\n<p class=\"article-body mb-nof-24 px-nof-16\">\u2013 Jos yl\u00e4luomet joskus l\u00f6rps\u00e4ht\u00e4v\u00e4t, se on naks, h\u00e4n sanoo HS:lle.<\/p>\n<p class=\"article-body mb-nof-24 px-nof-16\">Hautakangas perusti Relove-nimisen second hand -vaateliikkeiden ja kahviloiden ketjun vuonna 2016.<\/p>\n<p class=\"article-body mb-nof-24 px-nof-16\">H\u00e4n on kertonut <a class=\"article-personlink\" href=\"https:\/\/www.is.fi\/haku\/?query=Johanna%20Elomaan\" rel=\"nofollow noopener\" target=\"_blank\">Johanna Elomaan<\/a> kirjoittamassa kirjassa\u202fNoora Hautakangas \u2013 huijarisyndroomasta huolimatta (Bazar Kustannus 2025), miten yritys ajautui taloudellisiin vaikeuksiin koronapandemian aikana. H\u00e4n kertoo my\u00f6s k\u00e4rsineens\u00e4 uupumuksesta ja ty\u00f6narkomaniasta yritystoiminnan kasvun my\u00f6t\u00e4.<\/p>\n<p class=\"article-body mb-nof-24 px-nof-16\">Hautakangas on ollut yhdess\u00e4 puolisonsa <a class=\"article-personlink\" href=\"https:\/\/www.is.fi\/haku\/?query=Eero%20Ukkosen\" rel=\"nofollow noopener\" target=\"_blank\">Eero Ukkosen<\/a> kanssa 10 vuotta. Ukkonen toimii Reloven toimitusjohtajana.<\/p>\n","protected":false},"excerpt":{"rendered":"Noora Hautakangas muistelee Helsingin Sanomissa missiaikojaan. Vuoden 2007 Miss Suomi ja Relove-yritt\u00e4j\u00e4 Noora Hautakangas, 41, poseeraa alasti Helsingin&hellip;\n","protected":false},"author":2,"featured_media":110355,"comment_status":"","ping_status":"","sticky":false,"template":"","format":"standard","meta":{"footnotes":""},"categories":[136],"tags":[407,137,33,31,30,34,408,32,109],"class_list":{"0":"post-110354","1":"post","2":"type-post","3":"status-publish","4":"format-standard","5":"has-post-thumbnail","7":"category-julkkikset","8":"tag-celebrities","9":"tag-entertainment","10":"tag-fi","11":"tag-finland","12":"tag-finnish","13":"tag-ilta-sanomat","14":"tag-julkkikset","15":"tag-suomi","16":"tag-viihde"},"share_on_mastodon":{"url":"https:\/\/pubeurope.com\/@fi\/115680183768980408","error":""},"_links":{"self":[{"href":"https:\/\/www.europesays.com\/fi\/wp-json\/wp\/v2\/posts\/110354","targetHints":{"allow":["GET"]}}],"collection":[{"href":"https:\/\/www.europesays.com\/fi\/wp-json\/wp\/v2\/posts"}],"about":[{"href":"https:\/\/www.europesays.com\/fi\/wp-json\/wp\/v2\/types\/post"}],"author":[{"embeddable":true,"href":"https:\/\/www.europesays.com\/fi\/wp-json\/wp\/v2\/users\/2"}],"replies":[{"embeddable":true,"href":"https:\/\/www.europesays.com\/fi\/wp-json\/wp\/v2\/comments?post=110354"}],"version-history":[{"count":0,"href":"https:\/\/www.europesays.com\/fi\/wp-json\/wp\/v2\/posts\/110354\/revisions"}],"wp:featuredmedia":[{"embeddable":true,"href":"https:\/\/www.europesays.com\/fi\/wp-json\/wp\/v2\/media\/110355"}],"wp:attachment":[{"href":"https:\/\/www.europesays.com\/fi\/wp-json\/wp\/v2\/media?parent=110354"}],"wp:term":[{"taxonomy":"category","embeddable":true,"href":"https:\/\/www.europesays.com\/fi\/wp-json\/wp\/v2\/categories?post=110354"},{"taxonomy":"post_tag","embeddable":true,"href":"https:\/\/www.europesays.com\/fi\/wp-json\/wp\/v2\/tags?post=110354"}],"curies":[{"name":"wp","href":"https:\/\/api.w.org\/{rel}","templated":true}]}}