{"id":110380,"date":"2025-12-07T21:10:10","date_gmt":"2025-12-07T21:10:10","guid":{"rendered":"https:\/\/www.europesays.com\/fi\/110380\/"},"modified":"2025-12-07T21:10:10","modified_gmt":"2025-12-07T21:10:10","slug":"joel-pohjanpalo-iski-kahdesti-suomalaishyokkaaja-vahvisti-maaliporssin-johtoaan-urheilua-lyhyesti","status":"publish","type":"post","link":"https:\/\/www.europesays.com\/fi\/110380\/","title":{"rendered":"Joel Pohjanpalo iski kahdesti \u2013 suomalais\u00adhy\u00f6kk\u00e4\u00e4j\u00e4 vahvisti maalip\u00f6rssin johtoaan | Urheilua lyhyesti"},"content":{"rendered":"<p class=\"aw-1gybjub aw-5vja16 kEtdKx kmuxyA yle__article__paragraph\">Palermo kukisti Empolin 3\u20131 ja nousi sarjataulukossa kolmanneksi.<\/p>\n<p><img decoding=\"async\" alt=\"Joel Pohjanpalo Palermon ottelussa.\" src=\"https:\/\/www.europesays.com\/fi\/wp-content\/uploads\/2025\/11\/39-15580216921dd8102234.jpeg\" class=\"aw-1l9m598 hKVVvP\"\/><\/p>\n<p>Avaa kuvien katselu<\/p>\n<p>Joel Pohjanpalo on painanut Palermossa t\u00e4ll\u00e4 kaudella kymmenen liigamaalia. Kuva: NurPhoto \/ Getty Images<\/p>\n<p class=\"aw-1gybjub aw-1p7kakr kEtdKx cEmitX yle__article__paragraph\">Palermon suomalaishy\u00f6kk\u00e4\u00e4j\u00e4 <strong class=\"aw-ak79eh KyCXm yle__article__strong\">Joel Pohjanpalo<\/strong> vahvisti asemiaan Serie B:n maalip\u00f6rssin k\u00e4rjess\u00e4, kun h\u00e4n osui kahdesti Empolin verkkoon 3\u20131-vierasvoitossa.<\/p>\n<p class=\"aw-1gybjub aw-1p7kakr kEtdKx cEmitX yle__article__paragraph\"><strong class=\"aw-ak79eh KyCXm yle__article__strong\">Jeremy Le Douaron<\/strong> vei Palermon 1\u20130-johtoon jo seitsem\u00e4nnell\u00e4 peliminuutilla. Pohjanpalo iski voittomaaliksi j\u00e4\u00e4neen osuman vajaat kymmenen minuuttia my\u00f6hemmin.<\/p>\n<p class=\"aw-1gybjub aw-1p7kakr kEtdKx cEmitX yle__article__paragraph\"><strong class=\"aw-ak79eh KyCXm yle__article__strong\">Pietro Pellegri<\/strong> kavensi 1\u20132:een tunnin j\u00e4lkeen. Pohjanpalo osui uudelleen vartti ennen varsinaisen peliajan p\u00e4\u00e4t\u00f6st\u00e4.<\/p>\n<p class=\"aw-1gybjub aw-1p7kakr kEtdKx cEmitX yle__article__paragraph\">Pohjanpalo on viimeistellyt t\u00e4ll\u00e4 kaudella Italian kakkostasolla kymmenen maalia. Maalip\u00f6rssin kakkosella, Modenan <strong class=\"aw-ak79eh KyCXm yle__article__strong\">Ettore Gliozzilla<\/strong> on seitsem\u00e4n osumaa. Lis\u00e4ksi Pohjanpalolla on nelj\u00e4 maalisy\u00f6tt\u00f6\u00e4.<\/p>\n<p class=\"aw-1gybjub aw-1p7kakr kEtdKx cEmitX yle__article__paragraph\">Palermo nousi voitolla sarjataulukossa kuudennelta sijalta kolmanneksi. Sill\u00e4 on nelj\u00e4 pistett\u00e4 v\u00e4hemm\u00e4n kuin ottelun v\u00e4hemm\u00e4n pelanneella k\u00e4rkijoukkue Monzalla.<\/p>\n<p class=\"aw-1gybjub aw-1p7kakr kEtdKx cEmitX yle__article__paragraph\">Kolmen ottelun voittoputkesta pudonnut Empoli on seitsem\u00e4nten\u00e4.<\/p>\n<p class=\"aw-1gybjub aw-1p7kakr kEtdKx cEmitX yle__article__paragraph\"><a class=\"aw-iao6s4 iHOxEa yle__article__link\" href=\"https:\/\/yle.fi\/aihe\/tekstitv?P=686\" role=\"link\" rel=\"nofollow noopener\" target=\"_blank\">Serie B:n tulokset ja sarjataulukko teksti-tv:ss\u00e4.<\/a><\/p>\n","protected":false},"excerpt":{"rendered":"Palermo kukisti Empolin 3\u20131 ja nousi sarjataulukossa kolmanneksi. Avaa kuvien katselu Joel Pohjanpalo on painanut Palermossa t\u00e4ll\u00e4 kaudella&hellip;\n","protected":false},"author":2,"featured_media":110381,"comment_status":"","ping_status":"","sticky":false,"template":"","format":"standard","meta":{"footnotes":""},"categories":[5],"tags":[22,23,26,27,33,31,30,17,4012,43,4011,24,25,28,29,15,18,21,5801,32,19,20,160,16],"class_list":{"0":"post-110380","1":"post","2":"type-post","3":"status-publish","4":"format-standard","5":"has-post-thumbnail","7":"category-otsikot","8":"tag-breaking-news","9":"tag-breakingnews","10":"tag-featured-news","11":"tag-featurednews","12":"tag-fi","13":"tag-finland","14":"tag-finnish","15":"tag-headlines","16":"tag-italian-jalkapallo","17":"tag-jalkapallo","18":"tag-joel-pohjanpalo","19":"tag-latest-news","20":"tag-latestnews","21":"tag-main-news","22":"tag-mainnews","23":"tag-news","24":"tag-otsikot","25":"tag-paauutiset","26":"tag-serie-b","27":"tag-suomi","28":"tag-top-stories","29":"tag-topstories","30":"tag-urheilu","31":"tag-uutiset"},"share_on_mastodon":{"url":"https:\/\/pubeurope.com\/@fi\/115680341297723033","error":""},"_links":{"self":[{"href":"https:\/\/www.europesays.com\/fi\/wp-json\/wp\/v2\/posts\/110380","targetHints":{"allow":["GET"]}}],"collection":[{"href":"https:\/\/www.europesays.com\/fi\/wp-json\/wp\/v2\/posts"}],"about":[{"href":"https:\/\/www.europesays.com\/fi\/wp-json\/wp\/v2\/types\/post"}],"author":[{"embeddable":true,"href":"https:\/\/www.europesays.com\/fi\/wp-json\/wp\/v2\/users\/2"}],"replies":[{"embeddable":true,"href":"https:\/\/www.europesays.com\/fi\/wp-json\/wp\/v2\/comments?post=110380"}],"version-history":[{"count":0,"href":"https:\/\/www.europesays.com\/fi\/wp-json\/wp\/v2\/posts\/110380\/revisions"}],"wp:featuredmedia":[{"embeddable":true,"href":"https:\/\/www.europesays.com\/fi\/wp-json\/wp\/v2\/media\/110381"}],"wp:attachment":[{"href":"https:\/\/www.europesays.com\/fi\/wp-json\/wp\/v2\/media?parent=110380"}],"wp:term":[{"taxonomy":"category","embeddable":true,"href":"https:\/\/www.europesays.com\/fi\/wp-json\/wp\/v2\/categories?post=110380"},{"taxonomy":"post_tag","embeddable":true,"href":"https:\/\/www.europesays.com\/fi\/wp-json\/wp\/v2\/tags?post=110380"}],"curies":[{"name":"wp","href":"https:\/\/api.w.org\/{rel}","templated":true}]}}