{"id":110410,"date":"2025-12-07T21:59:07","date_gmt":"2025-12-07T21:59:07","guid":{"rendered":"https:\/\/www.europesays.com\/fi\/110410\/"},"modified":"2025-12-07T21:59:07","modified_gmt":"2025-12-07T21:59:07","slug":"suosikkiosake-romahti-nama-ovat-nordnet-sijoittajien-suosikit-ja-inhokit-iltalehti","status":"publish","type":"post","link":"https:\/\/www.europesays.com\/fi\/110410\/","title":{"rendered":"Suosikkiosake romahti \u2013 N\u00e4m\u00e4 ovat Nordnet-sijoittajien suosikit ja -inhokit &#8211; Iltalehti"},"content":{"rendered":"<ol>\n<li><a href=\"https:\/\/news.google.com\/rss\/articles\/CBMiekFVX3lxTE5pRzNXcDhaTVd5cGJxLXNxdzlwZGF0TGk2RUNUeUQ2a25mdEN5TDV4V3lpbGR2MXJrdDFwNmpkZnpLWlNHb3BPc3pTRVdFVEtCaTBVMFlKTDBybGotYWZldUVmWjZZLUE0S1ZFWE9DU2xkSW5LUk9uNFpB?oc=5\" target=\"_blank\" rel=\"nofollow noopener\">Suosikkiosake romahti \u2013 N\u00e4m\u00e4 ovat Nordnet-sijoittajien suosikit ja -inhokit<\/a>&nbsp;&nbsp;Iltalehti<\/li>\n<li><a href=\"https:\/\/news.google.com\/rss\/articles\/CBMifkFVX3lxTE5sMW9QeHVDZGY4WFNDSERiREVTcjZrNVJHMmpMbGlaWWFTa0QyWUVZYVlXZUV1bk1XZmZwTjhkZXFOckp1a2dUWWxRVk9Cc3RRMEZFUlVfb2tsWHVWT21hTW9YSDh2RWJoTHJQOURUdlBscWYxeDZzcUpPakNwdw?oc=5\" target=\"_blank\" rel=\"nofollow noopener\">Suomalaissijoittajista tuli huomio<\/a>&nbsp;&nbsp;Talousel\u00e4m\u00e4<\/li>\n<li><a href=\"https:\/\/news.google.com\/rss\/articles\/CBMiiwFBVV95cUxNSjZfQi1kTEJUMGJoRFhQY2lpanRQb2xwQmViUXk0ZXp0N25lcWgyWUVNYlM3TGJOTm1mcGdZOVo1WHc0bnhIUUxNdG5pdXZVUTlJR3VCX0N2MXh6VnhiMkdaMkhqakI2Y3FoZGVPTmo2YWxPN3JiVUJuYjl6d0tvX1puQV9ERkc5QlFR?oc=5\" target=\"_blank\" rel=\"nofollow noopener\">N\u00e4ihin sijoitettiin eniten marraskuussa 2025 \u2013 Katso, sijoititko kuten muut asiakkaat<\/a>&nbsp;&nbsp;OP Media<\/li>\n<li><a href=\"https:\/\/news.google.com\/rss\/articles\/CBMifEFVX3lxTFBtYXpfUFU1NGxkT1kzV3JMQzRQTFBpSzBDeEZOaUJpcjNFUlJrS09zeGRURkVGRFFEbWVIeThWZ0hHZ0VFWVAtWHdJVnNWSFlxWjIwdWVRY3hLSXFDVHJ2Um82ZXkzWHZTMmNmVmNGcXFKMlNEZnNpZVZNUVk?oc=5\" target=\"_blank\" rel=\"nofollow noopener\">Yksityissijoittajat tankkasivat halventuneita osakkeita Helsingin p\u00f6rssist\u00e4 marraskuussa \u2013 Somessa hypetetty energiaosake yh\u00e4 suosiossa<\/a>&nbsp;&nbsp;Arvopaperi<\/li>\n<li><a href=\"https:\/\/news.google.com\/rss\/articles\/CBMi3wFBVV95cUxPQmFtYjkzT2s0MW1ZdTBJdVZ5VFV2UlVBb244RUlJZ3RMU1lpbUFmLUpMcVNacnk3R2MtbklxWTlXUHZxSDIyWGZVWlVMSk9hT014d0hJYjU2Tlp3UlV3UFlra1VtcWdPS0dYZHlHc0xQMDJQOXE1MG5keUhJVkNtc0JuWVVSQWpzV1BpUzFJeDRtTWt6cC1VLXB0SE5xZjNUTGtnRlFNZXM1b09Gemt5VzBIdThXZzJOSGpIOFB3WTFtVHFWWG8zZXA1d0hsUFNiR1BFQTFsbW5GMUsxRldB?oc=5\" target=\"_blank\" rel=\"nofollow noopener\">Yksityissijoittajien marraskuu \u2013 Varovaisten lis\u00e4sijoitusten kuukausi \u2013 Helsingin p\u00f6rssist\u00e4 tankattiin syksyn kurssilaskijoita<\/a>&nbsp;&nbsp;Cision News<\/li>\n<\/ol>\n","protected":false},"excerpt":{"rendered":"Suosikkiosake romahti \u2013 N\u00e4m\u00e4 ovat Nordnet-sijoittajien suosikit ja -inhokit&nbsp;&nbsp;Iltalehti Suomalaissijoittajista tuli huomio&nbsp;&nbsp;Talousel\u00e4m\u00e4 N\u00e4ihin sijoitettiin eniten marraskuussa 2025 \u2013&hellip;\n","protected":false},"author":2,"featured_media":110411,"comment_status":"","ping_status":"","sticky":false,"template":"","format":"standard","meta":{"footnotes":""},"categories":[76],"tags":[79,77,33,31,30,2406,6543,2408,2405,2407,32,78],"class_list":{"0":"post-110410","1":"post","2":"type-post","3":"status-publish","4":"format-standard","5":"has-post-thumbnail","7":"category-talous","8":"tag-business","9":"tag-economy","10":"tag-fi","11":"tag-finland","12":"tag-finnish","13":"tag-osakkeet-arvopaperit","14":"tag-rahoitusjarjestelmat","15":"tag-rahoitusmarkkinat","16":"tag-rahoitustuotteita","17":"tag-sijoittaminen-rahoitus","18":"tag-suomi","19":"tag-talous"},"share_on_mastodon":{"url":"https:\/\/pubeurope.com\/@fi\/115680533760636144","error":""},"_links":{"self":[{"href":"https:\/\/www.europesays.com\/fi\/wp-json\/wp\/v2\/posts\/110410","targetHints":{"allow":["GET"]}}],"collection":[{"href":"https:\/\/www.europesays.com\/fi\/wp-json\/wp\/v2\/posts"}],"about":[{"href":"https:\/\/www.europesays.com\/fi\/wp-json\/wp\/v2\/types\/post"}],"author":[{"embeddable":true,"href":"https:\/\/www.europesays.com\/fi\/wp-json\/wp\/v2\/users\/2"}],"replies":[{"embeddable":true,"href":"https:\/\/www.europesays.com\/fi\/wp-json\/wp\/v2\/comments?post=110410"}],"version-history":[{"count":0,"href":"https:\/\/www.europesays.com\/fi\/wp-json\/wp\/v2\/posts\/110410\/revisions"}],"wp:featuredmedia":[{"embeddable":true,"href":"https:\/\/www.europesays.com\/fi\/wp-json\/wp\/v2\/media\/110411"}],"wp:attachment":[{"href":"https:\/\/www.europesays.com\/fi\/wp-json\/wp\/v2\/media?parent=110410"}],"wp:term":[{"taxonomy":"category","embeddable":true,"href":"https:\/\/www.europesays.com\/fi\/wp-json\/wp\/v2\/categories?post=110410"},{"taxonomy":"post_tag","embeddable":true,"href":"https:\/\/www.europesays.com\/fi\/wp-json\/wp\/v2\/tags?post=110410"}],"curies":[{"name":"wp","href":"https:\/\/api.w.org\/{rel}","templated":true}]}}