{"id":110416,"date":"2025-12-07T22:14:12","date_gmt":"2025-12-07T22:14:12","guid":{"rendered":"https:\/\/www.europesays.com\/fi\/110416\/"},"modified":"2025-12-07T22:14:12","modified_gmt":"2025-12-07T22:14:12","slug":"rita-piironen-ja-jaakob-rissanen-tekivat-yllatyspaljastuksen-linnan-juhlissa-nyt-ilmestyi-herkka-kuva","status":"publish","type":"post","link":"https:\/\/www.europesays.com\/fi\/110416\/","title":{"rendered":"Rita Piironen ja Jaakob Rissanen tekiv\u00e4t yll\u00e4tyspaljastuksen Linnan juhlissa \u2013 Nyt ilmestyi herkk\u00e4 kuva"},"content":{"rendered":"<p>Somessa huomiota saanut pariskunta jakoi vauvakuvia.<\/p>\n<p><img decoding=\"async\" class=\"image image-show image-preview\" src=\"https:\/\/www.europesays.com\/fi\/wp-content\/uploads\/2025\/12\/1765145651_35_52a4ff4dc80bd6e79e0763110759196e25c0188fed0581ad80026990ae702d63.jpg\" alt=\"\"\/><img decoding=\"async\" class=\"image image-show\" src=\"https:\/\/www.europesays.com\/fi\/wp-content\/uploads\/2025\/12\/1765145652_853_52a4ff4dc80bd6e79e0763110759196e25c0188fed0581ad80026990ae702d63.jpg\" alt=\"\"\/><\/p>\n<p>Jaakob Rissanen ja Rita Piironen n\u00e4htiin Linnan juhlien k\u00e4ttelyjonossa. Roosa Br\u00f6ijer<\/p>\n<p class=\"paragraph\">Yksi Linnan juhlien seuratuimmista pariskunnista oli <strong>Rita Piironen<\/strong> ja <strong>Jaakob Rissanen<\/strong>. Somepariskunnan seuraajat ehtiv\u00e4t jo huolestua siit\u00e4, p\u00e4\u00e4seek\u00f6 kaksikko juhliin, koska Piironen oli viimeisill\u00e4\u00e4n raskaana.<\/p>\n<p class=\"paragraph\">Pariskunta kertoi  medialle itsen\u00e4isyysp\u00e4iv\u00e4n\u00e4, ett\u00e4 heid\u00e4n lapsensa on syntynyt aiemmin t\u00e4ll\u00e4 viikolla.<\/p>\n<p class=\"paragraph\">Kaksikko on jakanut herkki\u00e4 vauvakuvia Instagram-tileill\u00e4\u00e4n.<\/p>\n<p class=\"paragraph\">Yhdess\u00e4 kuvassa Piironen imett\u00e4\u00e4 vauvaansa s\u00e4ngyss\u00e4. H\u00e4nell\u00e4 on kuvassa sama tyylik\u00e4s kampaus kuin Presidentinlinnassa.<\/p>\n<p class=\"paragraph\">Jos p\u00e4ivitys ei n\u00e4y, voit katsoa sen <a href=\"https:\/\/www.instagram.com\/p\/DR9bPHKDOpt\/\" target=\"_blank\" rel=\"noopener nofollow\">t\u00e4st\u00e4<\/a>.<\/p>\n<p class=\"paragraph\">\u2013 Linnan juhlien jatkot, tuore \u00e4iti kirjoittaa p\u00e4ivityksess\u00e4\u00e4n.<\/p>\n<p class=\"paragraph\">Rissanen puolestaan on jakanut kuvan, jossa h\u00e4n makoilee pienokaisen vieress\u00e4.<\/p>\n<p class=\"paragraph\">\u2013 Tytt\u00e4reni syntyi \u2013 olen maailman onnellisin. Tapahtumarikas viikko takana, nyt kotiin nauttimaan vauvakuplasta, onnellinen is\u00e4 kirjoittaa.<\/p>\n<p class=\"paragraph\">Jos kuva ei n\u00e4y, voit katsoa sen <a href=\"https:\/\/www.instagram.com\/p\/DR9imLTCIKY\/?hl=fi\" target=\"_blank\" rel=\"noopener nofollow\">t\u00e4st\u00e4<\/a>.<\/p>\n<p class=\"paragraph\">Pariskunta on tullut tunnetuksi sosiaalisessa mediassa, jossa he kertovat avoimesti perhe-el\u00e4m\u00e4st\u00e4\u00e4n. Kaksikolla on jo ennest\u00e4\u00e4n kaksi lasta.<\/p>\n<p class=\"paragraph\">Rissaselta on ilmestynyt my\u00f6s Tokkerin k\u00e4sikirja, jonka h\u00e4n on kirjoittanut yhdess\u00e4 <strong>Ville Kormilaisen<\/strong> kanssa.<\/p>\n<p><script async src=\"\/\/www.instagram.com\/embed.js\"><\/script><\/p>\n","protected":false},"excerpt":{"rendered":"Somessa huomiota saanut pariskunta jakoi vauvakuvia. Jaakob Rissanen ja Rita Piironen n\u00e4htiin Linnan juhlien k\u00e4ttelyjonossa. Roosa Br\u00f6ijer Yksi&hellip;\n","protected":false},"author":2,"featured_media":109503,"comment_status":"","ping_status":"","sticky":false,"template":"","format":"standard","meta":{"footnotes":""},"categories":[136],"tags":[35,407,137,33,31,30,101,408,99,100,98,32,102,109],"class_list":{"0":"post-110416","1":"post","2":"type-post","3":"status-publish","4":"format-standard","5":"has-post-thumbnail","7":"category-julkkikset","8":"tag-24h","9":"tag-celebrities","10":"tag-entertainment","11":"tag-fi","12":"tag-finland","13":"tag-finnish","14":"tag-ihmissuhteet","15":"tag-julkkikset","16":"tag-lapset","17":"tag-lapset-ja-nuoret","18":"tag-perhe","19":"tag-suomi","20":"tag-vanhemmat","21":"tag-viihde"},"share_on_mastodon":{"url":"https:\/\/pubeurope.com\/@fi\/115680593150342248","error":""},"_links":{"self":[{"href":"https:\/\/www.europesays.com\/fi\/wp-json\/wp\/v2\/posts\/110416","targetHints":{"allow":["GET"]}}],"collection":[{"href":"https:\/\/www.europesays.com\/fi\/wp-json\/wp\/v2\/posts"}],"about":[{"href":"https:\/\/www.europesays.com\/fi\/wp-json\/wp\/v2\/types\/post"}],"author":[{"embeddable":true,"href":"https:\/\/www.europesays.com\/fi\/wp-json\/wp\/v2\/users\/2"}],"replies":[{"embeddable":true,"href":"https:\/\/www.europesays.com\/fi\/wp-json\/wp\/v2\/comments?post=110416"}],"version-history":[{"count":0,"href":"https:\/\/www.europesays.com\/fi\/wp-json\/wp\/v2\/posts\/110416\/revisions"}],"wp:featuredmedia":[{"embeddable":true,"href":"https:\/\/www.europesays.com\/fi\/wp-json\/wp\/v2\/media\/109503"}],"wp:attachment":[{"href":"https:\/\/www.europesays.com\/fi\/wp-json\/wp\/v2\/media?parent=110416"}],"wp:term":[{"taxonomy":"category","embeddable":true,"href":"https:\/\/www.europesays.com\/fi\/wp-json\/wp\/v2\/categories?post=110416"},{"taxonomy":"post_tag","embeddable":true,"href":"https:\/\/www.europesays.com\/fi\/wp-json\/wp\/v2\/tags?post=110416"}],"curies":[{"name":"wp","href":"https:\/\/api.w.org\/{rel}","templated":true}]}}