{"id":110420,"date":"2025-12-07T22:25:17","date_gmt":"2025-12-07T22:25:17","guid":{"rendered":"https:\/\/www.europesays.com\/fi\/110420\/"},"modified":"2025-12-07T22:25:17","modified_gmt":"2025-12-07T22:25:17","slug":"linnan-juhlat-olivat-elamani-kuningatarpaiva-nain-oululainen-opiskelija-paatyi-ylipaallikon-kunto-ohjelmaan","status":"publish","type":"post","link":"https:\/\/www.europesays.com\/fi\/110420\/","title":{"rendered":"Linnan juhlat olivat el\u00e4m\u00e4ni kuningatarp\u00e4iv\u00e4 \u2013 N\u00e4in oululainen opiskelija p\u00e4\u00e4tyi ylip\u00e4\u00e4llik\u00f6n kunto-ohjelmaan"},"content":{"rendered":"<p> <img decoding=\"async\" class=\"responsive-image article__opinion-image-image lozad\"   src=\"https:\/\/www.europesays.com\/fi\/wp-content\/uploads\/2025\/12\/Gg6pLYgsW3kC0itKVtICH0RDZ4ONh8R8v1pqrvXNiic0jvoA5nNdLQ7x9arTI6soJZ7bE6ZfehE92W5GH7vQE_2p6FOkvYl0Ubbv.jpeg\" alt=\"Tuuli Turunen kuvattiin Linnan juhlissa.\"\/><\/p>\n<p>\n Tuuli Turunen kuvattiin Linnan juhlissa.\n <\/p>\n<p>\n Kuva: Mikko Halvari\n <\/p>\n<p class=\"article__opinion-first-paragraph\">\n Itsen\u00e4isyysp\u00e4iv\u00e4\u00e4n her\u00e4tess\u00e4ni muistelin helmikuista aamua muutaman vuoden takaa, jolloin edess\u00e4ni oli vanhojentanssip\u00e4iv\u00e4. Ajattelin silloin, ettei ihmist\u00e4 voi en\u00e4\u00e4 t\u00e4m\u00e4n enemp\u00e4\u00e4 hermostuttaa.\n <\/p>\n<p class=\"article__opinion-paragraph\">\n Linnan juhlien aamuna jouduin kuitenkin toteamaan, etten tuolloin tiennyt j\u00e4nnityksest\u00e4 viel\u00e4 mit\u00e4\u00e4n.\n <\/p>\n<p class=\"article__opinion-paragraph\">\n Vanhojenp\u00e4iv\u00e4\u00e4 kutsuttiin ainakin meill\u00e4 Kiimingin lukiossa prinsessap\u00e4iv\u00e4ksi.<\/p>\n","protected":false},"excerpt":{"rendered":"Tuuli Turunen kuvattiin Linnan juhlissa. Kuva: Mikko Halvari Itsen\u00e4isyysp\u00e4iv\u00e4\u00e4n her\u00e4tess\u00e4ni muistelin helmikuista aamua muutaman vuoden takaa, jolloin edess\u00e4ni&hellip;\n","protected":false},"author":2,"featured_media":110421,"comment_status":"","ping_status":"","sticky":false,"template":"","format":"standard","meta":{"footnotes":""},"categories":[76],"tags":[79,77,33,31,30,32,78],"class_list":{"0":"post-110420","1":"post","2":"type-post","3":"status-publish","4":"format-standard","5":"has-post-thumbnail","7":"category-talous","8":"tag-business","9":"tag-economy","10":"tag-fi","11":"tag-finland","12":"tag-finnish","13":"tag-suomi","14":"tag-talous"},"share_on_mastodon":{"url":"https:\/\/pubeurope.com\/@fi\/115680636182735781","error":""},"_links":{"self":[{"href":"https:\/\/www.europesays.com\/fi\/wp-json\/wp\/v2\/posts\/110420","targetHints":{"allow":["GET"]}}],"collection":[{"href":"https:\/\/www.europesays.com\/fi\/wp-json\/wp\/v2\/posts"}],"about":[{"href":"https:\/\/www.europesays.com\/fi\/wp-json\/wp\/v2\/types\/post"}],"author":[{"embeddable":true,"href":"https:\/\/www.europesays.com\/fi\/wp-json\/wp\/v2\/users\/2"}],"replies":[{"embeddable":true,"href":"https:\/\/www.europesays.com\/fi\/wp-json\/wp\/v2\/comments?post=110420"}],"version-history":[{"count":0,"href":"https:\/\/www.europesays.com\/fi\/wp-json\/wp\/v2\/posts\/110420\/revisions"}],"wp:featuredmedia":[{"embeddable":true,"href":"https:\/\/www.europesays.com\/fi\/wp-json\/wp\/v2\/media\/110421"}],"wp:attachment":[{"href":"https:\/\/www.europesays.com\/fi\/wp-json\/wp\/v2\/media?parent=110420"}],"wp:term":[{"taxonomy":"category","embeddable":true,"href":"https:\/\/www.europesays.com\/fi\/wp-json\/wp\/v2\/categories?post=110420"},{"taxonomy":"post_tag","embeddable":true,"href":"https:\/\/www.europesays.com\/fi\/wp-json\/wp\/v2\/tags?post=110420"}],"curies":[{"name":"wp","href":"https:\/\/api.w.org\/{rel}","templated":true}]}}