{"id":110427,"date":"2025-12-07T22:40:13","date_gmt":"2025-12-07T22:40:13","guid":{"rendered":"https:\/\/www.europesays.com\/fi\/110427\/"},"modified":"2025-12-07T22:40:13","modified_gmt":"2025-12-07T22:40:13","slug":"aki-riihilahti-kertoo-miten-presidenttiparia-kommentoidaan-ulkomailla","status":"publish","type":"post","link":"https:\/\/www.europesays.com\/fi\/110427\/","title":{"rendered":"Aki Riihilahti kertoo, miten presidenttiparia kommentoidaan ulkomailla"},"content":{"rendered":"<p>Katri ja Aki Riihilahti saapuivat linnan juhliin ylpe\u00e4n\u00e4 suomalaisuudestaan.<\/p>\n<p>Presidentti <a class=\"underline\" data-testid=\"internal-link\" role=\"link\" data-sentry-element=\"Link\" data-sentry-component=\"InternalLink\" data-sentry-source-file=\"InternalLink.tsx\" href=\"https:\/\/www.mtvuutiset.fi\/aihe\/alexander-stubb\/2839632\" rel=\"nofollow noopener\" target=\"_blank\"><strong class=\"typography-bold\">Alexander Stubbin<\/strong><\/a> tanssiopettajana toiminut <a class=\"underline\" data-testid=\"internal-link\" role=\"link\" data-sentry-element=\"Link\" data-sentry-component=\"InternalLink\" data-sentry-source-file=\"InternalLink.tsx\" href=\"https:\/\/www.mtvuutiset.fi\/aihe\/katri-riihilahti\/8482148\" rel=\"nofollow noopener\" target=\"_blank\"><strong class=\"typography-bold\">Katri Riihilahti<\/strong><\/a> kertoi MTV:lle Presidentinlinnan portailla hahmotelleensa kultaisen kimaltelevan mekkonsa itse, aivan kuten kilpailuaikoinaan \u00e4itins\u00e4 kanssa teki. H\u00e4n paljasti <a class=\"underline\" data-testid=\"external-link\" href=\"https:\/\/www.mtvuutiset.fi\/aihe\/tanssii-tahtien-kanssa\/2839810\" rel=\"noopener noreferrer nofollow\" target=\"_blank\" data-sentry-component=\"ExternalLink\" data-sentry-source-file=\"ExternalLink.tsx\">Tanssii t\u00e4htien kanssa<\/a> -ohjelman ompelijoiden luoneen hahmotelmasta hienon lopputuloksen.<\/p>\n<p>N\u00e4yttelij\u00e4 <a class=\"underline\" data-testid=\"internal-link\" role=\"link\" data-sentry-element=\"Link\" data-sentry-component=\"InternalLink\" data-sentry-source-file=\"InternalLink.tsx\" href=\"https:\/\/www.mtvuutiset.fi\/aihe\/johannes-holopainen\/8712216\" rel=\"nofollow noopener\" target=\"_blank\"><strong class=\"typography-bold\">Johannes Holopaisen<\/strong><\/a> kanssa marraskuun lopussa jo kolmannen TTK-voittonsa napannut tanssiammattilainen kertoo palautuneensa kaksi viikkoa sitten p\u00e4\u00e4ttyneest\u00e4 kaudesta.<\/p>\n<p>\u2013 Paras palautuminen on perheen kanssa kotona. Paluu arkeen palauttaa, Katri Riihilahti sanoi Aki-miehens\u00e4 s\u00e4est\u00e4m\u00e4n\u00e4.<\/p>\n<p>Lue my\u00f6s: <a class=\"underline\" data-testid=\"internal-link\" role=\"link\" data-sentry-element=\"Link\" data-sentry-component=\"InternalLink\" data-sentry-source-file=\"InternalLink.tsx\" href=\"https:\/\/www.mtvuutiset.fi\/artikkeli\/presidenttiparin-tanssinopettaja-teki-veikean-tanssieleen-kattelyssa-presidentilta-vastaliike\/9266446\" rel=\"nofollow noopener\" target=\"_blank\">Presidenttiparin tanssinopettaja teki veike\u00e4n tanssiliikkeen k\u00e4ttelyss\u00e4 \u2013 presidentilt\u00e4 ele<\/a><\/p>\n","protected":false},"excerpt":{"rendered":"Katri ja Aki Riihilahti saapuivat linnan juhliin ylpe\u00e4n\u00e4 suomalaisuudestaan. Presidentti Alexander Stubbin tanssiopettajana toiminut Katri Riihilahti kertoi MTV:lle&hellip;\n","protected":false},"author":2,"featured_media":110428,"comment_status":"","ping_status":"","sticky":false,"template":"","format":"standard","meta":{"footnotes":""},"categories":[136],"tags":[407,137,33,31,30,408,32,109],"class_list":{"0":"post-110427","1":"post","2":"type-post","3":"status-publish","4":"format-standard","5":"has-post-thumbnail","7":"category-julkkikset","8":"tag-celebrities","9":"tag-entertainment","10":"tag-fi","11":"tag-finland","12":"tag-finnish","13":"tag-julkkikset","14":"tag-suomi","15":"tag-viihde"},"share_on_mastodon":{"url":"https:\/\/pubeurope.com\/@fi\/115680695002326681","error":""},"_links":{"self":[{"href":"https:\/\/www.europesays.com\/fi\/wp-json\/wp\/v2\/posts\/110427","targetHints":{"allow":["GET"]}}],"collection":[{"href":"https:\/\/www.europesays.com\/fi\/wp-json\/wp\/v2\/posts"}],"about":[{"href":"https:\/\/www.europesays.com\/fi\/wp-json\/wp\/v2\/types\/post"}],"author":[{"embeddable":true,"href":"https:\/\/www.europesays.com\/fi\/wp-json\/wp\/v2\/users\/2"}],"replies":[{"embeddable":true,"href":"https:\/\/www.europesays.com\/fi\/wp-json\/wp\/v2\/comments?post=110427"}],"version-history":[{"count":0,"href":"https:\/\/www.europesays.com\/fi\/wp-json\/wp\/v2\/posts\/110427\/revisions"}],"wp:featuredmedia":[{"embeddable":true,"href":"https:\/\/www.europesays.com\/fi\/wp-json\/wp\/v2\/media\/110428"}],"wp:attachment":[{"href":"https:\/\/www.europesays.com\/fi\/wp-json\/wp\/v2\/media?parent=110427"}],"wp:term":[{"taxonomy":"category","embeddable":true,"href":"https:\/\/www.europesays.com\/fi\/wp-json\/wp\/v2\/categories?post=110427"},{"taxonomy":"post_tag","embeddable":true,"href":"https:\/\/www.europesays.com\/fi\/wp-json\/wp\/v2\/tags?post=110427"}],"curies":[{"name":"wp","href":"https:\/\/api.w.org\/{rel}","templated":true}]}}