{"id":110432,"date":"2025-12-07T22:51:20","date_gmt":"2025-12-07T22:51:20","guid":{"rendered":"https:\/\/www.europesays.com\/fi\/110432\/"},"modified":"2025-12-07T22:51:20","modified_gmt":"2025-12-07T22:51:20","slug":"kuulokeyhtio-valco-uudisti-lippulaivansa-hintoja-ei-ole-pakko-nostaa-stara-fi","status":"publish","type":"post","link":"https:\/\/www.europesays.com\/fi\/110432\/","title":{"rendered":"Kuulokeyhti\u00f6 Valco uudisti lippulaivansa \u2013 \u201dHintoja ei ole pakko nostaa\u201d \u2013 Stara.fi"},"content":{"rendered":"<p>Suomalainen kuulokevalmistaja Valco on yll\u00e4tt\u00e4en uudistanut lippulaivansa, eli Valco VMK25-kuulokkeet. Nyt esitelty malli on nimelt\u00e4\u00e4n VMK25.2. Uudistetusta mallista huolimatta laitteen hinta ja ulkon\u00e4k\u00f6 ovat pysyneet samana kuin aiemmin.<\/p>\n<p>MAINOS ALKAAMAINOS LOPPUU<\/p>\n<p>Yritys perustelee p\u00e4\u00e4t\u00f6st\u00e4 tekem\u00e4ll\u00e4\u00e4n taloustieteellisell\u00e4 havainnolla ja sill\u00e4, ett\u00e4 edullisempi VMK15-malli sai lippulaivan tuntumaan vanhanaikaiselta.<\/p>\n<p><img loading=\"lazy\" decoding=\"async\" src=\"https:\/\/www.europesays.com\/fi\/wp-content\/uploads\/2025\/12\/valco252_02_valco.jpg\" alt=\"\" width=\"1500\" height=\"775\" class=\"size-full wp-image-332751\"  \/>Valco VMK25.2, Kuva: Valco<br \/>\nInflaatio ei ole luonnonlaki<\/p>\n<p>\u2013 Teimme syksyll\u00e4 radikaalin taloustieteellisen havainnon: inflaatio ei ole luonnonlaki vaan valinta. Usein se on vain hieno sana sille, ett\u00e4 yritykset haluavat parantaa katettaan tekem\u00e4tt\u00e4 mit\u00e4\u00e4n enemp\u00e4\u00e4. Me kielt\u00e4ydymme osallistumasta t\u00e4h\u00e4n yleiseen kurjistamiseen, Valcon konsernijohtaja Henri Heikkinen perustelee.<\/p>\n<p>MAINOS ALKAAMAINOS LOPPUU<\/p>\n<p>\u2013 Kun tehostaa toimintaa ja myynti\u00e4, hintoja ei ole pakko nostaa. Siksi VMK25.2 maksaa edelleen saman 199 euroa, joka oli VMK25 l\u00e4ht\u00f6hinta 2022 ja silti minulla on varaa uuteen katumaasturiin. Muidenkin kannattaisi kokeilla, Heikkinen jatkaa.<\/p>\n<p>Uudessa mallissa on yhti\u00f6n mukaan keskitytty uudistetun muotoilun sijaan ennen kaikkea \u00e4\u00e4nen laatuun, k\u00e4yt\u00f6n mukavuuteen ja akun kestoon.<\/p>\n<p>MAINOS ALKAAMAINOS LOPPUU<\/p>\n<p>K\u00e4ytt\u00f6aikaa luvataankin yhdell\u00e4 latauksella per\u00e4ti 55 tuntia. Kuulokkeet perustuvat Qualcommin Snapdragon S3 -teknologiaan.<\/p>\n<p>\u2013 Kappaleista kuuluu asioita, joita et v\u00e4ltt\u00e4m\u00e4tt\u00e4 haluaisi kuulla: Basistin valkosipulinhajuinen hengitys tai tuottajan ep\u00e4toivo. VMK25.2 ei peit\u00e4 mit\u00e4\u00e4n, Heikkinen kuvailee.<\/p>\n<blockquote>\n<p>Kun tehostaa toimintaa ja myynti\u00e4, hintoja ei ole pakko nostaa.<\/p>\n<\/blockquote>\n<p>\n\t\t\t\tVoit lukea Starassa my\u00f6s lis\u00e4\u00e4 t\u00e4h\u00e4n kyseiseen artikkeliin liittyvist\u00e4 aiheista, kuten <a href=\"https:\/\/www.stara.fi\/asiasanat\/valco\/\" rel=\"tag nofollow noopener\" target=\"_blank\">Valco<\/a> tai laajemmin aihealueesta <a href=\"https:\/\/www.stara.fi\/category\/digi\/\" rel=\"category tag nofollow noopener\" target=\"_blank\">Digi<\/a> <a href=\"https:\/\/www.stara.fi\/category\/viihdeuutiset\/\" rel=\"category tag nofollow noopener\" target=\"_blank\">Viihdeuutiset<\/a>.\n\t\t\t<\/p>\n","protected":false},"excerpt":{"rendered":"Suomalainen kuulokevalmistaja Valco on yll\u00e4tt\u00e4en uudistanut lippulaivansa, eli Valco VMK25-kuulokkeet. Nyt esitelty malli on nimelt\u00e4\u00e4n VMK25.2. Uudistetusta mallista&hellip;\n","protected":false},"author":2,"featured_media":110433,"comment_status":"","ping_status":"","sticky":false,"template":"","format":"standard","meta":{"footnotes":""},"categories":[76],"tags":[79,77,33,31,30,32,78],"class_list":{"0":"post-110432","1":"post","2":"type-post","3":"status-publish","4":"format-standard","5":"has-post-thumbnail","7":"category-talous","8":"tag-business","9":"tag-economy","10":"tag-fi","11":"tag-finland","12":"tag-finnish","13":"tag-suomi","14":"tag-talous"},"share_on_mastodon":{"url":"https:\/\/pubeurope.com\/@fi\/115680738520649979","error":""},"_links":{"self":[{"href":"https:\/\/www.europesays.com\/fi\/wp-json\/wp\/v2\/posts\/110432","targetHints":{"allow":["GET"]}}],"collection":[{"href":"https:\/\/www.europesays.com\/fi\/wp-json\/wp\/v2\/posts"}],"about":[{"href":"https:\/\/www.europesays.com\/fi\/wp-json\/wp\/v2\/types\/post"}],"author":[{"embeddable":true,"href":"https:\/\/www.europesays.com\/fi\/wp-json\/wp\/v2\/users\/2"}],"replies":[{"embeddable":true,"href":"https:\/\/www.europesays.com\/fi\/wp-json\/wp\/v2\/comments?post=110432"}],"version-history":[{"count":0,"href":"https:\/\/www.europesays.com\/fi\/wp-json\/wp\/v2\/posts\/110432\/revisions"}],"wp:featuredmedia":[{"embeddable":true,"href":"https:\/\/www.europesays.com\/fi\/wp-json\/wp\/v2\/media\/110433"}],"wp:attachment":[{"href":"https:\/\/www.europesays.com\/fi\/wp-json\/wp\/v2\/media?parent=110432"}],"wp:term":[{"taxonomy":"category","embeddable":true,"href":"https:\/\/www.europesays.com\/fi\/wp-json\/wp\/v2\/categories?post=110432"},{"taxonomy":"post_tag","embeddable":true,"href":"https:\/\/www.europesays.com\/fi\/wp-json\/wp\/v2\/tags?post=110432"}],"curies":[{"name":"wp","href":"https:\/\/api.w.org\/{rel}","templated":true}]}}