{"id":110453,"date":"2025-12-07T23:29:15","date_gmt":"2025-12-07T23:29:15","guid":{"rendered":"https:\/\/www.europesays.com\/fi\/110453\/"},"modified":"2025-12-07T23:29:15","modified_gmt":"2025-12-07T23:29:15","slug":"langaton-nettiyhteys-suljettiin-pysyvasti-yhdelta-venajan-alueelta","status":"publish","type":"post","link":"https:\/\/www.europesays.com\/fi\/110453\/","title":{"rendered":"Langaton nettiyhteys suljettiin pysyv\u00e4sti yhdelt\u00e4 Ven\u00e4j\u00e4n alueelta"},"content":{"rendered":"<p class=\"ai-optimize-6 ai-optimize-introduction\">Etel\u00e4ven\u00e4l\u00e4isen Uljanovskin aluehallinto on <a href=\"https:\/\/ulpravda.ru\/rubrics\/soc\/vynuzhdennaia-mera-chto-proiskhodit-s-otkliucheniem-mobilnogo-interneta\" target=\"_blank\" rel=\"noopener nofollow\">ilmoittanut<\/a> tiedotustilaisuudessa sulkevansa langattoman Internet-yhteyden, kunnes sota Ukrainassa p\u00e4\u00e4ttyy. Digitaalisen kehityksen alueministerin <strong>Oleg Jagfarovin<\/strong> mukaan p\u00e4\u00e4t\u00f6s tuli kuitenkin liittovaltion tasolta \u201dkansallisen turvallisuuden\u201d varmistamiseksi, mink\u00e4 vuoksi se voidaan my\u00f6s purkaa vain Moskovan uudella p\u00e4\u00e4t\u00f6ksell\u00e4.<\/p>\n<p class=\"ai-optimize-7\">Ongelmat verkkoyhteyksiss\u00e4 olivat jatkuneet jo yli viikon ajan ennen ilmoituksen antamista. Rajoitusten oikeuttamiseksi aluehallinto siteerasi edellisviikolla liittovaltiolta tullutta p\u00e4\u00e4t\u00f6st\u00e4 laajentaa \u201dturvavy\u00f6hykett\u00e4\u201d strategisten laitosten ymp\u00e4rill\u00e4. Viranhaltijat korostivat, ett\u00e4 rajoitukset ovat pysyvi\u00e4, eiv\u00e4t v\u00e4liaikaisia toimenpiteit\u00e4, Ukrainan droonihy\u00f6kk\u00e4ysten takia.<\/p>\n<p class=\"ai-optimize-8\">Uljanovskin alueen asukkaita muistutettiin niin sanotusta \u201dvalkoisesta listasta\u201d Internet-palveluja, jotka toimivat sulun alettua. Niihin sis\u00e4ltyv\u00e4t muun muassa Gosuslugi, Yandex, VKontakte, verkkokaupat Ozon ja Wildberries sek\u00e4 Mir-maksuj\u00e4rjestelm\u00e4. Asukkaita neuvottiin k\u00e4ytt\u00e4m\u00e4\u00e4n julkisia Wi-Fi-verkkoyhteyksi\u00e4, joita tarjoaa noin 450 monitoimikeskusta.<\/p>\n<p class=\"ai-optimize-9\">Ven\u00e4j\u00e4n alueviranomaiset alkoivat sulkea verkkoyhteyksi\u00e4 toukokuussa 2025 syyn\u00e4 turvallisuuden varmistaminen Ukrainan puolustusvoimien drooni-iskujen aikana. Sulkuja raportoidaan Detector 404 \u2013<a href=\"https:\/\/detector404.com\/\" target=\"_blank\" rel=\"noopener nofollow\">verkkosivun<\/a> mukaan p\u00e4ivitt\u00e4in yli 50:ll\u00e4 Ven\u00e4j\u00e4n alueella. Muun muassa Pietarissa 5,6 miljoonalta ihmiselt\u00e4 <a href=\"https:\/\/www.express.co.uk\/news\/world\/2132557\/st-petersburg-internet-outage-russia\" target=\"_blank\" rel=\"noopener nofollow\">katkaistiin<\/a> verkkoyhteys 11. marraskuuta reiluksi tunniksi. Aiemmin viranomaiset eiv\u00e4t kuitenkaan ole ilmoittaneet pysyvist\u00e4 suluista.<\/p>\n<p class=\"ai-optimize-10\">P\u00e4\u00e4ministeri <strong>Mihail Mi\u0161ustin<\/strong> <a href=\"http:\/\/publication.pravo.gov.ru\/document\/0001202511060014\" target=\"_blank\" rel=\"noopener nofollow\">allekirjoitti<\/a> 27. lokakuuta 2025 lain keskushallinnon s\u00e4\u00e4nt\u00f6jen hyv\u00e4ksymisest\u00e4 koskien julkisia viestint\u00e4verkkoja. S\u00e4\u00e4nt\u00f6jen mukaan, jos Ven\u00e4j\u00e4ll\u00e4 nousee Internetin kautta \u201duhkia vakaudelle, turvallisuudelle ja yhten\u00e4isyydelle\u201d, Viestinn\u00e4n, tietotekniikan ja joukkotiedotusv\u00e4lineiden liittovaltion valvontapalvelu Roskomnadzor voi irrottaa RuNetin globaalista Internetist\u00e4 tai sulkea mink\u00e4 tahansa verkkosivuston.<\/p>\n<blockquote class=\"twitter-tweet\" data-width=\"550\" data-dnt=\"true\">\n<p lang=\"en\" dir=\"ltr\">BREAKING:<\/p>\n<p>The Russian city of St. Petersburg, with a population of 5.6 million, has been almost completely cut off from mobile internet.<\/p>\n<p>Residents report that websites, messengers, banks, delivery apps, and taxis are all unavailable.<\/p>\n<p>Some say they\u2019ve lost all internet access,\u2026 <a href=\"https:\/\/t.co\/w6bRTQ88wp\" rel=\"nofollow\">pic.twitter.com\/w6bRTQ88wp<\/a><\/p>\n<p>\u2014 Visegr\u00e1d 24 (@visegrad24) <a href=\"https:\/\/twitter.com\/visegrad24\/status\/1988209545714319766?ref_src=twsrc%5Etfw\" rel=\"nofollow noopener\" target=\"_blank\">November 11, 2025<\/a><\/p>\n<\/blockquote>\n<p>\t\t\t\t<script async src=\"https:\/\/platform.twitter.com\/widgets.js\" charset=\"utf-8\"><\/script><\/p>\n","protected":false},"excerpt":{"rendered":"Etel\u00e4ven\u00e4l\u00e4isen Uljanovskin aluehallinto on ilmoittanut tiedotustilaisuudessa sulkevansa langattoman Internet-yhteyden, kunnes sota Ukrainassa p\u00e4\u00e4ttyy. Digitaalisen kehityksen alueministerin Oleg Jagfarovin&hellip;\n","protected":false},"author":2,"featured_media":110454,"comment_status":"","ping_status":"","sticky":false,"template":"","format":"standard","meta":{"footnotes":""},"categories":[87],"tags":[33,31,30,148,32,91,92],"class_list":{"0":"post-110453","1":"post","2":"type-post","3":"status-publish","4":"format-standard","5":"has-post-thumbnail","7":"category-internet","8":"tag-fi","9":"tag-finland","10":"tag-finnish","11":"tag-internet","12":"tag-suomi","13":"tag-technology","14":"tag-teknologia"},"share_on_mastodon":{"url":"https:\/\/pubeurope.com\/@fi\/115680887645420801","error":""},"_links":{"self":[{"href":"https:\/\/www.europesays.com\/fi\/wp-json\/wp\/v2\/posts\/110453","targetHints":{"allow":["GET"]}}],"collection":[{"href":"https:\/\/www.europesays.com\/fi\/wp-json\/wp\/v2\/posts"}],"about":[{"href":"https:\/\/www.europesays.com\/fi\/wp-json\/wp\/v2\/types\/post"}],"author":[{"embeddable":true,"href":"https:\/\/www.europesays.com\/fi\/wp-json\/wp\/v2\/users\/2"}],"replies":[{"embeddable":true,"href":"https:\/\/www.europesays.com\/fi\/wp-json\/wp\/v2\/comments?post=110453"}],"version-history":[{"count":0,"href":"https:\/\/www.europesays.com\/fi\/wp-json\/wp\/v2\/posts\/110453\/revisions"}],"wp:featuredmedia":[{"embeddable":true,"href":"https:\/\/www.europesays.com\/fi\/wp-json\/wp\/v2\/media\/110454"}],"wp:attachment":[{"href":"https:\/\/www.europesays.com\/fi\/wp-json\/wp\/v2\/media?parent=110453"}],"wp:term":[{"taxonomy":"category","embeddable":true,"href":"https:\/\/www.europesays.com\/fi\/wp-json\/wp\/v2\/categories?post=110453"},{"taxonomy":"post_tag","embeddable":true,"href":"https:\/\/www.europesays.com\/fi\/wp-json\/wp\/v2\/tags?post=110453"}],"curies":[{"name":"wp","href":"https:\/\/api.w.org\/{rel}","templated":true}]}}