{"id":110457,"date":"2025-12-07T23:39:08","date_gmt":"2025-12-07T23:39:08","guid":{"rendered":"https:\/\/www.europesays.com\/fi\/110457\/"},"modified":"2025-12-07T23:39:08","modified_gmt":"2025-12-07T23:39:08","slug":"niko-kytosaho-parhaana-suomalaisena-viidestoista","status":"publish","type":"post","link":"https:\/\/www.europesays.com\/fi\/110457\/","title":{"rendered":"Niko Kyt\u00f6saho parhaana suomalaisena viidestoista"},"content":{"rendered":"<p>M\u00e4kihyppy|Niko Kyt\u00f6saho hypp\u00e4si tasaisesti Puolan maailmancupissa.<\/p>\n<p>7.12. 18:45<\/p>\n<p class=\"article-body mb-nof-24 px-nof-16\">M\u00e4kihypp\u00e4\u00e4j\u00e4 <a class=\"article-personlink\" href=\"https:\/\/www.hs.fi\/haku\/?query=Niko%20Kyt%C3%B6saho\" rel=\"nofollow noopener\" target=\"_blank\">Niko Kyt\u00f6saho<\/a> oli sunnuntaina parhaana suomalaisena viidestoista maailmancupin suurm\u00e4ess\u00e4 Puolan Wislassa.<\/p>\n<p class=\"article-body mb-nof-24 px-nof-16\">Kyt\u00f6sahon hypyt kantoivat 129 ja 124,5 metri\u00e4. Kilpailun voittoon hypp\u00e4si Slovenian <a class=\"article-personlink\" href=\"https:\/\/www.hs.fi\/haku\/?query=Domen%20Prevc\" rel=\"nofollow noopener\" target=\"_blank\">Domen Prevc<\/a>.<\/p>\n<p class=\"article-body mb-nof-24 px-nof-16\">My\u00f6s lauantaina Kyt\u00f6saho liiteli 15. sijalle.<\/p>\n<p class=\"article-body mb-nof-24 px-nof-16\">\u201dTasaiset hypyt, ei mit\u00e4\u00e4n erityisen hyv\u00e4\u00e4 mutta sellaista keskiarvohypp\u00e4\u00e4mist\u00e4, niin ihan hyv\u00e4 viikonloppu kyll\u00e4, ett\u00e4 sain molempina p\u00e4ivin\u00e4 tehty\u00e4 tasaiset kilpailut. Hyv\u00e4 fiilis kyll\u00e4 l\u00e4hte\u00e4 t\u00e4st\u00e4 jatkamaan Saksaan ensi viikonloppuna\u201d, Kyt\u00f6saho kertoo Hiihtoliiton tiedotteessa.<\/p>\n<p class=\"article-body mb-nof-24 px-nof-16\">Muista suomalaisista<a class=\"article-personlink\" href=\"https:\/\/www.hs.fi\/haku\/?query=%20Antti%20Aalto\" rel=\"nofollow noopener\" target=\"_blank\"> Antti Aalto<\/a> oli sunnuntaina 26. sijalla ja<a class=\"article-personlink\" href=\"https:\/\/www.hs.fi\/haku\/?query=%20Vilho%20Palosaari\" rel=\"nofollow noopener\" target=\"_blank\"> Vilho Palosaari <\/a>karsiutui niukasti ulos p\u00e4iv\u00e4n kilpailusta ja oli karsinnan 51:s.<\/p>\n","protected":false},"excerpt":{"rendered":"M\u00e4kihyppy|Niko Kyt\u00f6saho hypp\u00e4si tasaisesti Puolan maailmancupissa. 7.12. 18:45 M\u00e4kihypp\u00e4\u00e4j\u00e4 Niko Kyt\u00f6saho oli sunnuntaina parhaana suomalaisena viidestoista maailmancupin suurm\u00e4ess\u00e4&hellip;\n","protected":false},"author":2,"featured_media":110458,"comment_status":"","ping_status":"","sticky":false,"template":"","format":"standard","meta":{"footnotes":""},"categories":[158],"tags":[33,31,30,46,159,32,160],"class_list":{"0":"post-110457","1":"post","2":"type-post","3":"status-publish","4":"format-standard","5":"has-post-thumbnail","7":"category-urheilu","8":"tag-fi","9":"tag-finland","10":"tag-finnish","11":"tag-helsingin-sanomat","12":"tag-sports","13":"tag-suomi","14":"tag-urheilu"},"share_on_mastodon":{"url":"https:\/\/pubeurope.com\/@fi\/115680926924058040","error":""},"_links":{"self":[{"href":"https:\/\/www.europesays.com\/fi\/wp-json\/wp\/v2\/posts\/110457","targetHints":{"allow":["GET"]}}],"collection":[{"href":"https:\/\/www.europesays.com\/fi\/wp-json\/wp\/v2\/posts"}],"about":[{"href":"https:\/\/www.europesays.com\/fi\/wp-json\/wp\/v2\/types\/post"}],"author":[{"embeddable":true,"href":"https:\/\/www.europesays.com\/fi\/wp-json\/wp\/v2\/users\/2"}],"replies":[{"embeddable":true,"href":"https:\/\/www.europesays.com\/fi\/wp-json\/wp\/v2\/comments?post=110457"}],"version-history":[{"count":0,"href":"https:\/\/www.europesays.com\/fi\/wp-json\/wp\/v2\/posts\/110457\/revisions"}],"wp:featuredmedia":[{"embeddable":true,"href":"https:\/\/www.europesays.com\/fi\/wp-json\/wp\/v2\/media\/110458"}],"wp:attachment":[{"href":"https:\/\/www.europesays.com\/fi\/wp-json\/wp\/v2\/media?parent=110457"}],"wp:term":[{"taxonomy":"category","embeddable":true,"href":"https:\/\/www.europesays.com\/fi\/wp-json\/wp\/v2\/categories?post=110457"},{"taxonomy":"post_tag","embeddable":true,"href":"https:\/\/www.europesays.com\/fi\/wp-json\/wp\/v2\/tags?post=110457"}],"curies":[{"name":"wp","href":"https:\/\/api.w.org\/{rel}","templated":true}]}}