{"id":110468,"date":"2025-12-08T00:05:10","date_gmt":"2025-12-08T00:05:10","guid":{"rendered":"https:\/\/www.europesays.com\/fi\/110468\/"},"modified":"2025-12-08T00:05:10","modified_gmt":"2025-12-08T00:05:10","slug":"miesten-takaa-ajo-125-km-ostersund-maailmancup-7-12-2025","status":"publish","type":"post","link":"https:\/\/www.europesays.com\/fi\/110468\/","title":{"rendered":"Miesten Takaa-ajo 12,5 km \u00d6stersund maailmancup 7.12.2025"},"content":{"rendered":"<p>\u00d6stersundissa maailmanvcupviikoloppu p\u00e4\u00e4ttyi sunnuntaina miesten 12,5 km takaa-ajokilpailuun. Katso kilpailun tulokset.<\/p>\n<p><a onclick=\"gtag(&#039;event&#039;,&#039;click&#039;,{&#039;event_category&#039; : &#039;tekstilinkki&#039;,&#039;event_label&#039; : &#039;\/uutiset\/tulokset-miesten-takaa-ajo-ostersund-maailmancup-7-12-2025 -&gt; \/ampumahiihto\/maailmancup&#039;})\" class=\"linkki-tekstissa\" href=\"https:\/\/etusuora.com\/ampumahiihto\/maailmancup\" title=\"Ampumahiihdon maailmancup 2025-2026\" rel=\"nofollow noopener\" target=\"_blank\">Ampumahiihdon maailmancup<\/a> jatkui sunnuntaina <a onclick=\"gtag(&#039;event&#039;,&#039;click&#039;,{&#039;event_category&#039; : &#039;tekstilinkki&#039;,&#039;event_label&#039; : &#039;\/uutiset\/tulokset-miesten-takaa-ajo-ostersund-maailmancup-7-12-2025 -&gt; \/ampumahiihto\/maailmancup\/ostersund&#039;})\" class=\"linkki-tekstissa\" href=\"https:\/\/etusuora.com\/ampumahiihto\/maailmancup\/ostersund\" title=\"\u00d6stersund maailmancup 2025\" rel=\"nofollow noopener\" target=\"_blank\">\u00d6stersundissa<\/a> miesten 12,5 km takaa-ajokilpailulla.<\/p>\n<p>Kilpailun voittoon hiihti Ranskan 33-vuotias legenda <strong>Quentin Fillon Maillet<\/strong> kahdella sakolla. Toiseksi ylsi kotiladuillaan Ruotsin <strong>Sebastian Samuelsson<\/strong> vain 6,7 sekuntia voittajalle h\u00e4vinneen\u00e4. Samuelsson selvitti nelj\u00e4n ammunnan kilpailun niin ik\u00e4\u00e4n kahdella sakolla.<\/p>\n<p>Kolmanneksi sijoittui viikon aiemmat henkil\u00f6htaiset kilpailut voittanut Norjan <strong>Johan-Olav Botn<\/strong>. H\u00e4n j\u00e4i tiukassa kilpailussa k\u00e4rjest\u00e4 10,3 sekuntia. Ampumapaikalla Botn erehtyi kilpailussa kaksi kertaa.<\/p>\n<p>Ainoana suomalaisena kilpailussa mukana olleella <strong>Tero Sepp\u00e4l\u00e4ll\u00e4<\/strong> ei ollut paras p\u00e4iv\u00e4 ampumapaikalla. Sijalta 26 matkaan l\u00e4htenyt Sepp\u00e4l\u00e4 ampui kilpailussa seitsem\u00e4n sakkoa ja j\u00e4i sijalle 44. Eroa k\u00e4rkeen kertyi l\u00e4hes nelj\u00e4 ja puoli minuuttia.<\/p>\n<p>\u00d6stersund maailmancup 7.12.2025<br \/>\n<br \/>\nMiesten takaa-ajo 12,5 km<\/p>\n<tr class=\"\">\n<td style=\"width:30px!important;\">#<\/td>\n<td style=\"width:auto!important;\">Urheilija<\/td>\n<td style=\"width:100px!important;\">Tulos<\/td>\n<\/tr>\n<tr class=\"\">\n<td style=\"width:30px!important;\">1.<\/td>\n<td style=\"width:auto!important;\">Quentin Fillon Maillet \ud83c\uddeb\ud83c\uddf7<\/td>\n<td style=\"width:100px!important;\">30.14,5 (2)<\/td>\n<\/tr>\n<tr class=\"\">\n<td style=\"width:30px!important;\">2.<\/td>\n<td style=\"width:auto!important;\">Sebastian Samuelsson \ud83c\uddf8\ud83c\uddea<\/td>\n<td style=\"width:100px!important;\">+6,7 (2)<\/td>\n<\/tr>\n<tr class=\"\">\n<td style=\"width:30px!important;\">3.<\/td>\n<td style=\"width:auto!important;\">Johan-Olav Botn \ud83c\uddf3\ud83c\uddf4<\/td>\n<td style=\"width:100px!important;\">+10,3 (2)<\/td>\n<\/tr>\n<tr class=\"\">\n<td style=\"width:30px!important;\">4.<\/td>\n<td style=\"width:auto!important;\">Tommaso Giacomel \ud83c\uddee\ud83c\uddf9<\/td>\n<td style=\"width:100px!important;\">+15,2 (2)<\/td>\n<\/tr>\n<tr class=\"\">\n<td style=\"width:30px!important;\">5.<\/td>\n<td style=\"width:auto!important;\">Eric Perrot \ud83c\uddeb\ud83c\uddf7<\/td>\n<td style=\"width:100px!important;\">+16,2 (2)<\/td>\n<\/tr>\n<tr class=\"\">\n<td style=\"width:30px!important;\">6.<\/td>\n<td style=\"width:auto!important;\">Campbell Wright \ud83c\uddfa\ud83c\uddf8<\/td>\n<td style=\"width:100px!important;\">+25,0 (0)<\/td>\n<\/tr>\n<tr class=\"\">\n<td style=\"width:30px!important;\">7.<\/td>\n<td style=\"width:auto!important;\">Vetle Sj\u00e5stad Christiansen \ud83c\uddf3\ud83c\uddf4<\/td>\n<td style=\"width:100px!important;\">+31,4 (2)<\/td>\n<\/tr>\n<tr class=\"\">\n<td style=\"width:30px!important;\">8.<\/td>\n<td style=\"width:auto!important;\">Sturla Holm L\u00e6greid \ud83c\uddf3\ud83c\uddf4<\/td>\n<td style=\"width:100px!important;\">+43,7 (3)<\/td>\n<\/tr>\n<tr class=\"\">\n<td style=\"width:30px!important;\">9.<\/td>\n<td style=\"width:auto!important;\">Sivert Guttorm Bakken \ud83c\uddf3\ud83c\uddf4<\/td>\n<td style=\"width:100px!important;\">+54,0 (2)<\/td>\n<\/tr>\n<tr class=\"\">\n<td style=\"width:30px!important;\">10.<\/td>\n<td style=\"width:auto!important;\">Isak Leknes Frey \ud83c\uddf3\ud83c\uddf4<\/td>\n<td style=\"width:100px!important;\">+57,1 (1)<\/td>\n<\/tr>\n<p>\n<a href=\"https:\/\/www.biathlonworld.com\/results\/BT2526SWRLCP01SMPU\" target=\"_blank\" rel=\"noopener noreferrer nofollow\" class=\"linkki-tekstissa\" onclick=\"gtag(&#039;event&#039;,&#039;click&#039;,{&#039;event_category&#039; : &#039;tekstilinkki&#039;,&#039;event_label&#039; : &#039;\/uutiset\/tulokset-miesten-takaa-ajo-ostersund-maailmancup-7-12-2025 -&gt; https:\/\/www.biathlonworld.com\/results\/BT2526SWRLCP01SMPU&#039;})\">Koko tuloslista<\/a><\/p>\n","protected":false},"excerpt":{"rendered":"\u00d6stersundissa maailmanvcupviikoloppu p\u00e4\u00e4ttyi sunnuntaina miesten 12,5 km takaa-ajokilpailuun. Katso kilpailun tulokset. Ampumahiihdon maailmancup jatkui sunnuntaina \u00d6stersundissa miesten 12,5&hellip;\n","protected":false},"author":2,"featured_media":110469,"comment_status":"","ping_status":"","sticky":false,"template":"","format":"standard","meta":{"footnotes":""},"categories":[158],"tags":[33,31,30,159,32,160],"class_list":{"0":"post-110468","1":"post","2":"type-post","3":"status-publish","4":"format-standard","5":"has-post-thumbnail","7":"category-urheilu","8":"tag-fi","9":"tag-finland","10":"tag-finnish","11":"tag-sports","12":"tag-suomi","13":"tag-urheilu"},"share_on_mastodon":{"url":"https:\/\/pubeurope.com\/@fi\/115681029232842699","error":""},"_links":{"self":[{"href":"https:\/\/www.europesays.com\/fi\/wp-json\/wp\/v2\/posts\/110468","targetHints":{"allow":["GET"]}}],"collection":[{"href":"https:\/\/www.europesays.com\/fi\/wp-json\/wp\/v2\/posts"}],"about":[{"href":"https:\/\/www.europesays.com\/fi\/wp-json\/wp\/v2\/types\/post"}],"author":[{"embeddable":true,"href":"https:\/\/www.europesays.com\/fi\/wp-json\/wp\/v2\/users\/2"}],"replies":[{"embeddable":true,"href":"https:\/\/www.europesays.com\/fi\/wp-json\/wp\/v2\/comments?post=110468"}],"version-history":[{"count":0,"href":"https:\/\/www.europesays.com\/fi\/wp-json\/wp\/v2\/posts\/110468\/revisions"}],"wp:featuredmedia":[{"embeddable":true,"href":"https:\/\/www.europesays.com\/fi\/wp-json\/wp\/v2\/media\/110469"}],"wp:attachment":[{"href":"https:\/\/www.europesays.com\/fi\/wp-json\/wp\/v2\/media?parent=110468"}],"wp:term":[{"taxonomy":"category","embeddable":true,"href":"https:\/\/www.europesays.com\/fi\/wp-json\/wp\/v2\/categories?post=110468"},{"taxonomy":"post_tag","embeddable":true,"href":"https:\/\/www.europesays.com\/fi\/wp-json\/wp\/v2\/tags?post=110468"}],"curies":[{"name":"wp","href":"https:\/\/api.w.org\/{rel}","templated":true}]}}