{"id":110525,"date":"2025-12-08T02:15:10","date_gmt":"2025-12-08T02:15:10","guid":{"rendered":"https:\/\/www.europesays.com\/fi\/110525\/"},"modified":"2025-12-08T02:15:10","modified_gmt":"2025-12-08T02:15:10","slug":"hiihtoliitolta-paivitys-krista-parmakosken-tilanteeseen","status":"publish","type":"post","link":"https:\/\/www.europesays.com\/fi\/110525\/","title":{"rendered":"Hiihtoliitolta p\u00e4ivitys Krista P\u00e4rm\u00e4kosken tilanteeseen"},"content":{"rendered":"<p><strong>Krista P\u00e4rm\u00e4koski <\/strong>ei l\u00e4htenyt kilpailemaan sunnuntaina naisten 20 kilometrin vapaan hiihtotavan kisassa.<\/p>\n<p>P\u00e4rm\u00e4koski kertoi jo lauantain yhdistelm\u00e4kisan j\u00e4lkeen, ett\u00e4 h\u00e4nell\u00e4 oli hengitysvaikeuksia. Syyp\u00e4\u00e4 oli perjantaina sy\u00f6ty homeinen s\u00e4mpyl\u00e4.<\/p>\n<p>Hiihtoliitto tiedotti sunnuntaina tarkemmin viel\u00e4 P\u00e4rm\u00e4kosken tapauksesta.<\/p>\n<p>\u2013 Krista P\u00e4rm\u00e4koski ei startannut sunnuntaina naisten 10 kilometrin v\u00e4liaikal\u00e4ht\u00f6kilpailuun vapaalla hiihtotavalla. P\u00e4rm\u00e4koski totesi, ett\u00e4 n\u00e4r\u00e4stysoireet ovat edelleen sen verran kovat, ett\u00e4 he katsoivat yhdess\u00e4 joukkueen staffin kanssa jatkon kannalta paremmaksi rauhoittaa tilanne, jotta tilanne ei pitkity enemp\u00e4\u00e4, viestitti liitto.<\/p>\n<p><strong>LUE MY\u00d6S:\u00a0<a href=\"https:\/\/atleetti.fi\/floridan-niko-mikkola-ihmetyttaa-lepakkovuorossa-taysin-kateissa\/\" target=\"_blank\" rel=\"nofollow noopener\">Floridan Niko Mikkola ihmetytt\u00e4\u00e4 Lepakkovuorossa \u2013 \u201dT\u00e4ysin kateissa\u201d (Atleetti.fi) <\/a><\/strong><\/p>\n","protected":false},"excerpt":{"rendered":"Krista P\u00e4rm\u00e4koski ei l\u00e4htenyt kilpailemaan sunnuntaina naisten 20 kilometrin vapaan hiihtotavan kisassa. P\u00e4rm\u00e4koski kertoi jo lauantain yhdistelm\u00e4kisan j\u00e4lkeen,&hellip;\n","protected":false},"author":2,"featured_media":110526,"comment_status":"","ping_status":"","sticky":false,"template":"","format":"standard","meta":{"footnotes":""},"categories":[158],"tags":[33,31,30,159,32,160],"class_list":{"0":"post-110525","1":"post","2":"type-post","3":"status-publish","4":"format-standard","5":"has-post-thumbnail","7":"category-urheilu","8":"tag-fi","9":"tag-finland","10":"tag-finnish","11":"tag-sports","12":"tag-suomi","13":"tag-urheilu"},"share_on_mastodon":{"url":"https:\/\/pubeurope.com\/@fi\/115681540338199418","error":""},"_links":{"self":[{"href":"https:\/\/www.europesays.com\/fi\/wp-json\/wp\/v2\/posts\/110525","targetHints":{"allow":["GET"]}}],"collection":[{"href":"https:\/\/www.europesays.com\/fi\/wp-json\/wp\/v2\/posts"}],"about":[{"href":"https:\/\/www.europesays.com\/fi\/wp-json\/wp\/v2\/types\/post"}],"author":[{"embeddable":true,"href":"https:\/\/www.europesays.com\/fi\/wp-json\/wp\/v2\/users\/2"}],"replies":[{"embeddable":true,"href":"https:\/\/www.europesays.com\/fi\/wp-json\/wp\/v2\/comments?post=110525"}],"version-history":[{"count":0,"href":"https:\/\/www.europesays.com\/fi\/wp-json\/wp\/v2\/posts\/110525\/revisions"}],"wp:featuredmedia":[{"embeddable":true,"href":"https:\/\/www.europesays.com\/fi\/wp-json\/wp\/v2\/media\/110526"}],"wp:attachment":[{"href":"https:\/\/www.europesays.com\/fi\/wp-json\/wp\/v2\/media?parent=110525"}],"wp:term":[{"taxonomy":"category","embeddable":true,"href":"https:\/\/www.europesays.com\/fi\/wp-json\/wp\/v2\/categories?post=110525"},{"taxonomy":"post_tag","embeddable":true,"href":"https:\/\/www.europesays.com\/fi\/wp-json\/wp\/v2\/tags?post=110525"}],"curies":[{"name":"wp","href":"https:\/\/api.w.org\/{rel}","templated":true}]}}