{"id":110530,"date":"2025-12-08T02:21:08","date_gmt":"2025-12-08T02:21:08","guid":{"rendered":"https:\/\/www.europesays.com\/fi\/110530\/"},"modified":"2025-12-08T02:21:08","modified_gmt":"2025-12-08T02:21:08","slug":"kelan-hallitus-kasittelee-lasse-lehtosen-tilannetta-uutisia-lyhyesti","status":"publish","type":"post","link":"https:\/\/www.europesays.com\/fi\/110530\/","title":{"rendered":"Kelan hallitus k\u00e4sittelee Lasse Lehtosen tilannetta | Uutisia lyhyesti"},"content":{"rendered":"<p class=\"aw-1gybjub aw-1p7kakr kEtdKx cEmitX yle__article__paragraph\">Kelan hallitus on koolla t\u00e4n\u00e4\u00e4n aamulla k\u00e4sittelem\u00e4ss\u00e4 p\u00e4\u00e4johtaja <strong class=\"aw-ak79eh KyCXm yle__article__strong\">Lasse Lehtosen<\/strong> tilannetta.<\/p>\n<p class=\"aw-1gybjub aw-1p7kakr kEtdKx cEmitX yle__article__paragraph\">Kela ilmoitti eilen, ett\u00e4 Brysseliss\u00e4 ty\u00f6matkalla ollut Lehtonen on joutunut sairaalahoitoon. Ylim\u00e4\u00e4r\u00e4inen hallituksen kokous pidet\u00e4\u00e4n siit\u00e4 huolimatta alkuper\u00e4isen aikataulun mukaisesti.<\/p>\n<p class=\"aw-1gybjub aw-1p7kakr kEtdKx cEmitX yle__article__paragraph\">Lehtosen ty\u00f6matka Brysseliss\u00e4 alkoi tiistaina. Samana p\u00e4iv\u00e4n\u00e4 Kela kertoi, ett\u00e4 Lehtonen on j\u00e4\u00e4nyt pois t\u00f6ist\u00e4 ja on poissa \u201dl\u00e4hip\u00e4iv\u00e4t\u201d.<\/p>\n","protected":false},"excerpt":{"rendered":"Kelan hallitus on koolla t\u00e4n\u00e4\u00e4n aamulla k\u00e4sittelem\u00e4ss\u00e4 p\u00e4\u00e4johtaja Lasse Lehtosen tilannetta. Kela ilmoitti eilen, ett\u00e4 Brysseliss\u00e4 ty\u00f6matkalla ollut&hellip;\n","protected":false},"author":2,"featured_media":109955,"comment_status":"","ping_status":"","sticky":false,"template":"","format":"standard","meta":{"footnotes":""},"categories":[12],"tags":[22,23,26,27,33,31,30,17,4334,71,24,25,28,29,15,18,21,32,19,20,860,16],"class_list":{"0":"post-110530","1":"post","2":"type-post","3":"status-publish","4":"format-standard","5":"has-post-thumbnail","7":"category-suomi","8":"tag-breaking-news","9":"tag-breakingnews","10":"tag-featured-news","11":"tag-featurednews","12":"tag-fi","13":"tag-finland","14":"tag-finnish","15":"tag-headlines","16":"tag-kansanelakelaitos","17":"tag-kotimaa","18":"tag-latest-news","19":"tag-latestnews","20":"tag-main-news","21":"tag-mainnews","22":"tag-news","23":"tag-otsikot","24":"tag-paauutiset","25":"tag-suomi","26":"tag-top-stories","27":"tag-topstories","28":"tag-tyoelama","29":"tag-uutiset"},"share_on_mastodon":{"url":"https:\/\/pubeurope.com\/@fi\/115681564066855811","error":""},"_links":{"self":[{"href":"https:\/\/www.europesays.com\/fi\/wp-json\/wp\/v2\/posts\/110530","targetHints":{"allow":["GET"]}}],"collection":[{"href":"https:\/\/www.europesays.com\/fi\/wp-json\/wp\/v2\/posts"}],"about":[{"href":"https:\/\/www.europesays.com\/fi\/wp-json\/wp\/v2\/types\/post"}],"author":[{"embeddable":true,"href":"https:\/\/www.europesays.com\/fi\/wp-json\/wp\/v2\/users\/2"}],"replies":[{"embeddable":true,"href":"https:\/\/www.europesays.com\/fi\/wp-json\/wp\/v2\/comments?post=110530"}],"version-history":[{"count":0,"href":"https:\/\/www.europesays.com\/fi\/wp-json\/wp\/v2\/posts\/110530\/revisions"}],"wp:featuredmedia":[{"embeddable":true,"href":"https:\/\/www.europesays.com\/fi\/wp-json\/wp\/v2\/media\/109955"}],"wp:attachment":[{"href":"https:\/\/www.europesays.com\/fi\/wp-json\/wp\/v2\/media?parent=110530"}],"wp:term":[{"taxonomy":"category","embeddable":true,"href":"https:\/\/www.europesays.com\/fi\/wp-json\/wp\/v2\/categories?post=110530"},{"taxonomy":"post_tag","embeddable":true,"href":"https:\/\/www.europesays.com\/fi\/wp-json\/wp\/v2\/tags?post=110530"}],"curies":[{"name":"wp","href":"https:\/\/api.w.org\/{rel}","templated":true}]}}