{"id":110568,"date":"2025-12-08T03:39:12","date_gmt":"2025-12-08T03:39:12","guid":{"rendered":"https:\/\/www.europesays.com\/fi\/110568\/"},"modified":"2025-12-08T03:39:12","modified_gmt":"2025-12-08T03:39:12","slug":"linnan-upeat-kampaukset-yksi-tyyli-ylitse-muiden","status":"publish","type":"post","link":"https:\/\/www.europesays.com\/fi\/110568\/","title":{"rendered":"Linnan upeat kampaukset \u2013 Yksi tyyli ylitse muiden"},"content":{"rendered":"<p>Tyylik\u00e4s nutturakampaus on varma valinta juhlissa.<\/p>\n<p><img decoding=\"async\" class=\"image image-show image-preview\" src=\"https:\/\/www.europesays.com\/fi\/wp-content\/uploads\/2025\/12\/539cf0a80aa40cc8a610e81da9c28886c741a2cdb171ce520a9d28cfa21355f1.jpg\" alt=\"\"\/><img decoding=\"async\" class=\"image image-show\" src=\"https:\/\/www.europesays.com\/fi\/wp-content\/uploads\/2025\/12\/1765165152_436_539cf0a80aa40cc8a610e81da9c28886c741a2cdb171ce520a9d28cfa21355f1.jpg\" alt=\"\"\/><\/p>\n<p>Suzanne Innes-Stubbin tyylin\u00e4yte oli hyv\u00e4 esimerkki juhlissa n\u00e4hdyist\u00e4 nutturakampauksista. Roosa Br\u00f6ijer<\/p>\n<p class=\"paragraph\">Presidentin puoliso <strong>Suzanne Innes-Stubbin<\/strong> hiukset oli kammattu Linnan juhlissa tyylikk\u00e4\u00e4lle sile\u00e4pintaiselle nutturalle.<\/p>\n<p class=\"paragraph\">Eik\u00e4 h\u00e4n ollut ainoa, joka oli valinnut t\u00e4m\u00e4n klassisen kampausvaihtoehdon.<\/p>\n<p class=\"paragraph\">Ker\u00e4simme koosteen juhlien nutturatyyleist\u00e4.<\/p>\n<p>Sile\u00e4pintainen nuttura on jo itsess\u00e4\u00e4n n\u00e4ytt\u00e4v\u00e4, mutta siihen voi saada lis\u00e4s\u00e4ihkett\u00e4 hiuskoristeita k\u00e4ytt\u00e4m\u00e4ll\u00e4. Roosa Br\u00f6ijer<\/p>\n<p>Seela Sellan nutturakampaus oli yksinkertainen, mutta klassisen tyylik\u00e4s. Roosa Br\u00f6ijer<\/p>\n<p>Kokoomuksen kansanedustaja Susanne P\u00e4iv\u00e4rinta oli valinnut nutturakampauksen. Roosa Br\u00f6ijer<\/p>\n<p>Presidenttiparille Lapissa hiihtoa opettanut Tiia T\u00f6rr\u00f6 oli pukeutunut Reidar S\u00e4rest\u00f6niemen maalauksesta inspiraationsa saaneeseen asuun. Sen suunnitteli Jukka Puljuj\u00e4rvi. Roosa Br\u00f6ijer<\/p>\n<p>Nutturakampaus sopii my\u00f6s miehen p\u00e4\u00e4h\u00e4n. Roosa Br\u00f6ijer<\/p>\n<p>Kokoomuksen kansanedustaja Noora Fagerstr\u00f6min nutturakampaus. Roosa Br\u00f6ijer<\/p>\n<p>Kokoomuksen kansanedustaja Sofia Vikmankin oli valinnut kampauksekseen sile\u00e4n nutturan. Roosa Br\u00f6ijer<\/p>\n<p>Vasemmistoliiton europarlamentaarikko Li Andersson luotti juhlakampauksessaan sile\u00e4\u00e4n tyyliin. Roosa Br\u00f6ijer<\/p>\n","protected":false},"excerpt":{"rendered":"Tyylik\u00e4s nutturakampaus on varma valinta juhlissa. Suzanne Innes-Stubbin tyylin\u00e4yte oli hyv\u00e4 esimerkki juhlissa n\u00e4hdyist\u00e4 nutturakampauksista. Roosa Br\u00f6ijer Presidentin&hellip;\n","protected":false},"author":2,"featured_media":110569,"comment_status":"","ping_status":"","sticky":false,"template":"","format":"standard","meta":{"footnotes":""},"categories":[12],"tags":[35,22,23,2110,26,27,33,31,30,17,24,25,28,29,15,18,21,142,637,886,32,19,20,16,638],"class_list":{"0":"post-110568","1":"post","2":"type-post","3":"status-publish","4":"format-standard","5":"has-post-thumbnail","7":"category-suomi","8":"tag-24h","9":"tag-breaking-news","10":"tag-breakingnews","11":"tag-elamantapa-ja-vapaa-aika","12":"tag-featured-news","13":"tag-featurednews","14":"tag-fi","15":"tag-finland","16":"tag-finnish","17":"tag-headlines","18":"tag-latest-news","19":"tag-latestnews","20":"tag-main-news","21":"tag-mainnews","22":"tag-news","23":"tag-otsikot","24":"tag-paauutiset","25":"tag-poliitikot","26":"tag-politiikka","27":"tag-puolueet","28":"tag-suomi","29":"tag-top-stories","30":"tag-topstories","31":"tag-uutiset","32":"tag-valtiovalta"},"share_on_mastodon":{"url":"https:\/\/pubeurope.com\/@fi\/115681870983911288","error":""},"_links":{"self":[{"href":"https:\/\/www.europesays.com\/fi\/wp-json\/wp\/v2\/posts\/110568","targetHints":{"allow":["GET"]}}],"collection":[{"href":"https:\/\/www.europesays.com\/fi\/wp-json\/wp\/v2\/posts"}],"about":[{"href":"https:\/\/www.europesays.com\/fi\/wp-json\/wp\/v2\/types\/post"}],"author":[{"embeddable":true,"href":"https:\/\/www.europesays.com\/fi\/wp-json\/wp\/v2\/users\/2"}],"replies":[{"embeddable":true,"href":"https:\/\/www.europesays.com\/fi\/wp-json\/wp\/v2\/comments?post=110568"}],"version-history":[{"count":0,"href":"https:\/\/www.europesays.com\/fi\/wp-json\/wp\/v2\/posts\/110568\/revisions"}],"wp:featuredmedia":[{"embeddable":true,"href":"https:\/\/www.europesays.com\/fi\/wp-json\/wp\/v2\/media\/110569"}],"wp:attachment":[{"href":"https:\/\/www.europesays.com\/fi\/wp-json\/wp\/v2\/media?parent=110568"}],"wp:term":[{"taxonomy":"category","embeddable":true,"href":"https:\/\/www.europesays.com\/fi\/wp-json\/wp\/v2\/categories?post=110568"},{"taxonomy":"post_tag","embeddable":true,"href":"https:\/\/www.europesays.com\/fi\/wp-json\/wp\/v2\/tags?post=110568"}],"curies":[{"name":"wp","href":"https:\/\/api.w.org\/{rel}","templated":true}]}}