{"id":110621,"date":"2025-12-08T05:17:08","date_gmt":"2025-12-08T05:17:08","guid":{"rendered":"https:\/\/www.europesays.com\/fi\/110621\/"},"modified":"2025-12-08T05:17:08","modified_gmt":"2025-12-08T05:17:08","slug":"markkasen-jazz-kohtaa-mahtiseuran-supertahti-kuitenkin-poissa-urheilu","status":"publish","type":"post","link":"https:\/\/www.europesays.com\/fi\/110621\/","title":{"rendered":"Markkasen Jazz kohtaa mahtiseuran \u2013 supert\u00e4hti kuitenkin poissa | Urheilu"},"content":{"rendered":"<p>NBA-koripalloliigan suomalaist\u00e4hti Lauri Markkanen ja h\u00e4nen seuransa Utah Jazz jatkavat kauttaan maanantain vastaisena y\u00f6n\u00e4, kun Salt Lake Cityyn saapuu vieraaksi Oklahoma City Thunder, joka on liigan hallitseva mestari sek\u00e4 t\u00e4m\u00e4n kauden aivan uskomattomasti avannut mahtiseura.<\/p>\n<p>Thunder on voittanut kauden 23 ottelustaan kaikki paitsi yhden, ja Jazzin se murskasi 32 pisteell\u00e4 reilut kaksi viikkoa sitten. Jazz puolestaan on voittanut vain kahdeksan pelaamastaan 22 ottelusta t\u00e4ll\u00e4 kaudella.<\/p>\n<p>Suosikista ei siis pit\u00e4isi olla ep\u00e4selvyytt\u00e4. Y\u00f6n otteluun Jazzille tarjotaan kuitenkin pient\u00e4 toivonkipin\u00e4\u00e4: Thunderin t\u00e4htisikerm\u00e4n kirkkain t\u00e4hti Shai Gilgeous-Alexander on poissa ottelusta kyyn\u00e4rp\u00e4\u00e4vaivan takia, <a href=\"https:\/\/ak-static.cms.nba.com\/referee\/injury\/Injury-Report_2025-12-07_09AM.pdf\" rel=\"nofollow noopener\" target=\"_blank\">kertoo<\/a> NBA.<\/p>\n<p>Gilgeous-Alexander ei t\u00e4ll\u00e4 kaudella viel\u00e4 ollut joutunut j\u00e4tt\u00e4m\u00e4\u00e4n v\u00e4liin yht\u00e4\u00e4n ottelua. H\u00e4n on liigan pistetilastossa toisena keskiarvollaan 32,8 pistett\u00e4 ja on lis\u00e4ksi kirjannut keskiarvoikseen 4,7 levypalloa ja 6,4 koriinjohtavaa sy\u00f6tt\u00f6\u00e4.<\/p>\n","protected":false},"excerpt":{"rendered":"NBA-koripalloliigan suomalaist\u00e4hti Lauri Markkanen ja h\u00e4nen seuransa Utah Jazz jatkavat kauttaan maanantain vastaisena y\u00f6n\u00e4, kun Salt Lake Cityyn&hellip;\n","protected":false},"author":2,"featured_media":110622,"comment_status":"","ping_status":"","sticky":false,"template":"","format":"standard","meta":{"footnotes":""},"categories":[158],"tags":[3289,33,31,30,1905,41,1703,5037,7348,159,32,160,161],"class_list":{"0":"post-110621","1":"post","2":"type-post","3":"status-publish","4":"format-standard","5":"has-post-thumbnail","7":"category-urheilu","8":"tag-ammattilaiskoripallo","9":"tag-fi","10":"tag-finland","11":"tag-finnish","12":"tag-lauri-markkanen","13":"tag-liikunta-ja-urheilu","14":"tag-miesten-koripallo","15":"tag-national-basketball-association-nba","16":"tag-nba-itainen-lohko","17":"tag-sports","18":"tag-suomi","19":"tag-urheilu","20":"tag-urheilutapahtumat"},"share_on_mastodon":{"url":"https:\/\/pubeurope.com\/@fi\/115682256021039172","error":""},"_links":{"self":[{"href":"https:\/\/www.europesays.com\/fi\/wp-json\/wp\/v2\/posts\/110621","targetHints":{"allow":["GET"]}}],"collection":[{"href":"https:\/\/www.europesays.com\/fi\/wp-json\/wp\/v2\/posts"}],"about":[{"href":"https:\/\/www.europesays.com\/fi\/wp-json\/wp\/v2\/types\/post"}],"author":[{"embeddable":true,"href":"https:\/\/www.europesays.com\/fi\/wp-json\/wp\/v2\/users\/2"}],"replies":[{"embeddable":true,"href":"https:\/\/www.europesays.com\/fi\/wp-json\/wp\/v2\/comments?post=110621"}],"version-history":[{"count":0,"href":"https:\/\/www.europesays.com\/fi\/wp-json\/wp\/v2\/posts\/110621\/revisions"}],"wp:featuredmedia":[{"embeddable":true,"href":"https:\/\/www.europesays.com\/fi\/wp-json\/wp\/v2\/media\/110622"}],"wp:attachment":[{"href":"https:\/\/www.europesays.com\/fi\/wp-json\/wp\/v2\/media?parent=110621"}],"wp:term":[{"taxonomy":"category","embeddable":true,"href":"https:\/\/www.europesays.com\/fi\/wp-json\/wp\/v2\/categories?post=110621"},{"taxonomy":"post_tag","embeddable":true,"href":"https:\/\/www.europesays.com\/fi\/wp-json\/wp\/v2\/tags?post=110621"}],"curies":[{"name":"wp","href":"https:\/\/api.w.org\/{rel}","templated":true}]}}