{"id":110627,"date":"2025-12-08T05:23:07","date_gmt":"2025-12-08T05:23:07","guid":{"rendered":"https:\/\/www.europesays.com\/fi\/110627\/"},"modified":"2025-12-08T05:23:07","modified_gmt":"2025-12-08T05:23:07","slug":"vieraskyna-puolustustarvikkeille-tarvitaan-paremmin-toimivat-sisamarkkinat-hs-fi","status":"publish","type":"post","link":"https:\/\/www.europesays.com\/fi\/110627\/","title":{"rendered":"Vieraskyn\u00e4 | Puolustustarvikkeille tarvitaan paremmin toimivat sis\u00e4markkinat &#8211; HS.fi"},"content":{"rendered":"<ol>\n<li><a href=\"https:\/\/news.google.com\/rss\/articles\/CBMiZ0FVX3lxTFB1VkFlR0ZsZlFIbXhua2xBU2dKb1RKa2E0b1QyanZQcjNsQkc2aTJsVVR6amk1TUVKdk1JWHFIWHY2d0JlNzd1bzdiTFdWWlRQek5hdUlEaVg5N0U2Sng5c3VzTk1zbzA?oc=5\" target=\"_blank\" rel=\"nofollow noopener\">Vieraskyn\u00e4 | Puolustustarvikkeille tarvitaan paremmin toimivat sis\u00e4markkinat<\/a>&nbsp;&nbsp;HS.fi<\/li>\n<li><a href=\"https:\/\/news.google.com\/rss\/articles\/CBMiQkFVX3lxTE9zalBaWWZwNkpZcVlPSzdsRzBmMk5nUDYwZGNuVmZObWgzb2ZvbnBrZTM4QWNjV0w5UDU0SUNfLVdBdw?oc=5\" target=\"_blank\" rel=\"nofollow noopener\">Naton testip\u00e4iv\u00e4t n\u00e4kyy Riihim\u00e4en katukuvassa, mutta droonit lent\u00e4v\u00e4t R\u00e4ysk\u00e4l\u00e4n ilmatilassa<\/a>&nbsp;&nbsp;Yle<\/li>\n<li><a href=\"https:\/\/news.google.com\/rss\/articles\/CBMifkFVX3lxTE05WGh5c2laWUs2M1lxQ3hmRElUODVVOEZDMDZMb2dlVlVuVVNmTVhDQmJlT3ItU202TnZDMElCSHNqQW9HX1NtRVF0eDgyLW14TEVpN0ZCZ0lMaGVibVNHYmZUWXYxZ0poREFnRlppZTlCY01Nd0FKeFVCekliUQ?oc=5\" target=\"_blank\" rel=\"nofollow noopener\">Mielipidekirjoitus \/ Puolustusalalla teko\u00e4ly haastaa vanhat toimintamallit<\/a>&nbsp;&nbsp;Talousel\u00e4m\u00e4<\/li>\n<li><a href=\"https:\/\/news.google.com\/rss\/articles\/CBMirAFBVV95cUxQRzIzZDlHOGRTVWpuRmpNUXJZdE5iSHBreVlQUzNJR3E3QTZoYTU1TUp1N3lnblAzY0YtYWZUNk1LWk9KR0h1UmFuRXJhaVFic3NNcmxVOWxUbzNpNlgyYTZvWjZXc1o1NTRfa284ZXA2SXgxMWlsakhrUUhFWkNmSVlnOXdTMkVPRFpYLV9wUmdCanBEdkEwWU0wZVlFMFNoM1FCYkw0eGF1cmdW?oc=5\" target=\"_blank\" rel=\"nofollow noopener\">Tekij\u00f6ille on tarvetta, mutta puolustusteollisuuden rakenteet jarruttavat<\/a>&nbsp;&nbsp;The Ulkopolitist<\/li>\n<li><a href=\"https:\/\/news.google.com\/rss\/articles\/CBMidEFVX3lxTE9QaEVNU1UwdUdGTXJuM21zT0ZJekR6ZzFTYVc1bGRhdlduUG5JbXpwbFcwbkJoaDZDbGVNblpjSk4xT2UxM2ZIMHV0YmtMZWhORU1aVkVGaElQOFQwcU1abkRMQlFHR2ozS2MzZ3F5NlI5aEJJ?oc=5\" target=\"_blank\" rel=\"nofollow noopener\">Digitaalisen vastustuskykymme selk\u00e4ranka \u2013 Taipuuko vai taittuuko?<\/a>&nbsp;&nbsp;tivi.fi<\/li>\n<\/ol>\n","protected":false},"excerpt":{"rendered":"Vieraskyn\u00e4 | Puolustustarvikkeille tarvitaan paremmin toimivat sis\u00e4markkinat&nbsp;&nbsp;HS.fi Naton testip\u00e4iv\u00e4t n\u00e4kyy Riihim\u00e4en katukuvassa, mutta droonit lent\u00e4v\u00e4t R\u00e4ysk\u00e4l\u00e4n ilmatilassa&nbsp;&nbsp;Yle Mielipidekirjoitus&hellip;\n","protected":false},"author":2,"featured_media":96697,"comment_status":"","ping_status":"","sticky":false,"template":"","format":"standard","meta":{"footnotes":""},"categories":[12],"tags":[22,23,26,27,33,31,30,17,46,24,25,28,29,15,18,21,32,19,20,16],"class_list":{"0":"post-110627","1":"post","2":"type-post","3":"status-publish","4":"format-standard","5":"has-post-thumbnail","7":"category-suomi","8":"tag-breaking-news","9":"tag-breakingnews","10":"tag-featured-news","11":"tag-featurednews","12":"tag-fi","13":"tag-finland","14":"tag-finnish","15":"tag-headlines","16":"tag-helsingin-sanomat","17":"tag-latest-news","18":"tag-latestnews","19":"tag-main-news","20":"tag-mainnews","21":"tag-news","22":"tag-otsikot","23":"tag-paauutiset","24":"tag-suomi","25":"tag-top-stories","26":"tag-topstories","27":"tag-uutiset"},"share_on_mastodon":{"url":"https:\/\/pubeurope.com\/@fi\/115682279811762271","error":""},"_links":{"self":[{"href":"https:\/\/www.europesays.com\/fi\/wp-json\/wp\/v2\/posts\/110627","targetHints":{"allow":["GET"]}}],"collection":[{"href":"https:\/\/www.europesays.com\/fi\/wp-json\/wp\/v2\/posts"}],"about":[{"href":"https:\/\/www.europesays.com\/fi\/wp-json\/wp\/v2\/types\/post"}],"author":[{"embeddable":true,"href":"https:\/\/www.europesays.com\/fi\/wp-json\/wp\/v2\/users\/2"}],"replies":[{"embeddable":true,"href":"https:\/\/www.europesays.com\/fi\/wp-json\/wp\/v2\/comments?post=110627"}],"version-history":[{"count":0,"href":"https:\/\/www.europesays.com\/fi\/wp-json\/wp\/v2\/posts\/110627\/revisions"}],"wp:featuredmedia":[{"embeddable":true,"href":"https:\/\/www.europesays.com\/fi\/wp-json\/wp\/v2\/media\/96697"}],"wp:attachment":[{"href":"https:\/\/www.europesays.com\/fi\/wp-json\/wp\/v2\/media?parent=110627"}],"wp:term":[{"taxonomy":"category","embeddable":true,"href":"https:\/\/www.europesays.com\/fi\/wp-json\/wp\/v2\/categories?post=110627"},{"taxonomy":"post_tag","embeddable":true,"href":"https:\/\/www.europesays.com\/fi\/wp-json\/wp\/v2\/tags?post=110627"}],"curies":[{"name":"wp","href":"https:\/\/api.w.org\/{rel}","templated":true}]}}