{"id":110630,"date":"2025-12-08T05:25:39","date_gmt":"2025-12-08T05:25:39","guid":{"rendered":"https:\/\/www.europesays.com\/fi\/110630\/"},"modified":"2025-12-08T05:25:39","modified_gmt":"2025-12-08T05:25:39","slug":"jokaisessa-suomen-maakunnassa-on-villiinnytetty-lahiymparistoa-katso-oman-maakuntasi-tilanne-wwf-suomi","status":"publish","type":"post","link":"https:\/\/www.europesays.com\/fi\/110630\/","title":{"rendered":"Jokaisessa Suomen maakunnassa on villiinnytetty l\u00e4hiymp\u00e4rist\u00f6\u00e4 \u2013 katso oman maakuntasi tilanne \u2013 WWF Suomi"},"content":{"rendered":"<p>                    Kolmen k\u00e4rki<\/p>\n<p>Ala villiksi -kampanjan laskuriin on ilmoitettu m\u00e4\u00e4r\u00e4llisesti eniten neli\u00f6metrej\u00e4 Suomen isoimmasta maakunnasta, Uudeltamaalta. Uudenmaan ilmoitetuissa neli\u00f6iss\u00e4 on mukana my\u00f6s kaupunkien niittyneli\u00f6it\u00e4, esimerkiksi Helsingist\u00e4 ja Loviisasta, mik\u00e4 my\u00f6s osaltaan selitt\u00e4\u00e4 k\u00e4rkipaikalle p\u00e4\u00e4semist\u00e4. Yhteens\u00e4 Uudeltamaalta on laskuriin ilmoitettu l\u00e4hes 1,5 miljoonaa neli\u00f6metri\u00e4. Ja vaikka mukana on kaupunkienkin neli\u00f6it\u00e4, enemmist\u00f6 neli\u00f6ist\u00e4 koostuu yksitt\u00e4isten ihmisten ilmoittamista neli\u00f6m\u00e4\u00e4rist\u00e4.<\/p>\n<p>Kakkossijalle kipusi t\u00e4m\u00e4n kauden p\u00e4\u00e4tteeksi Etel\u00e4-Pohjanmaa, mist\u00e4 ilmoitettiin neli\u00f6it\u00e4 Ala villiksi -laskuriin yhteens\u00e4 noin 665 000 neli\u00f6metri\u00e4. My\u00f6s Etel\u00e4-Pohjanmaan neli\u00f6iss\u00e4 on mukana my\u00f6s kaupunkiniittyj\u00e4, esimerkiksi Lapualta, mutta aivan kuten Uudellamaallakin, isoin potti neli\u00f6ist\u00e4 koostuu yksityisten pihojen villeist\u00e4 neli\u00f6ist\u00e4.<\/p>\n<p>Kolmannella sijalla on puolestaan Pirkanmaa 520 000 neli\u00f6metrill\u00e4. My\u00f6s Pirkanmaan neli\u00f6iss\u00e4 on yhteenlaskettuna eniten neli\u00f6it\u00e4 yksityisilt\u00e4 kotipihoilta mutta lukemaa kasvattavat hienosti Tampereen ja Kangasalan kaupunkien ilmoittamat neli\u00f6t.<\/p>\n","protected":false},"excerpt":{"rendered":"Kolmen k\u00e4rki Ala villiksi -kampanjan laskuriin on ilmoitettu m\u00e4\u00e4r\u00e4llisesti eniten neli\u00f6metrej\u00e4 Suomen isoimmasta maakunnasta, Uudeltamaalta. Uudenmaan ilmoitetuissa neli\u00f6iss\u00e4&hellip;\n","protected":false},"author":2,"featured_media":110631,"comment_status":"","ping_status":"","sticky":false,"template":"","format":"standard","meta":{"footnotes":""},"categories":[117],"tags":[33,31,30,72,476,118,32,119,477],"class_list":{"0":"post-110630","1":"post","2":"type-post","3":"status-publish","4":"format-standard","5":"has-post-thumbnail","7":"category-luonto","8":"tag-fi","9":"tag-finland","10":"tag-finnish","11":"tag-luonto","12":"tag-nature","13":"tag-science","14":"tag-suomi","15":"tag-tiede","16":"tag-wildlife"},"share_on_mastodon":{"url":"https:\/\/pubeurope.com\/@fi\/115682287583758502","error":""},"_links":{"self":[{"href":"https:\/\/www.europesays.com\/fi\/wp-json\/wp\/v2\/posts\/110630","targetHints":{"allow":["GET"]}}],"collection":[{"href":"https:\/\/www.europesays.com\/fi\/wp-json\/wp\/v2\/posts"}],"about":[{"href":"https:\/\/www.europesays.com\/fi\/wp-json\/wp\/v2\/types\/post"}],"author":[{"embeddable":true,"href":"https:\/\/www.europesays.com\/fi\/wp-json\/wp\/v2\/users\/2"}],"replies":[{"embeddable":true,"href":"https:\/\/www.europesays.com\/fi\/wp-json\/wp\/v2\/comments?post=110630"}],"version-history":[{"count":0,"href":"https:\/\/www.europesays.com\/fi\/wp-json\/wp\/v2\/posts\/110630\/revisions"}],"wp:featuredmedia":[{"embeddable":true,"href":"https:\/\/www.europesays.com\/fi\/wp-json\/wp\/v2\/media\/110631"}],"wp:attachment":[{"href":"https:\/\/www.europesays.com\/fi\/wp-json\/wp\/v2\/media?parent=110630"}],"wp:term":[{"taxonomy":"category","embeddable":true,"href":"https:\/\/www.europesays.com\/fi\/wp-json\/wp\/v2\/categories?post=110630"},{"taxonomy":"post_tag","embeddable":true,"href":"https:\/\/www.europesays.com\/fi\/wp-json\/wp\/v2\/tags?post=110630"}],"curies":[{"name":"wp","href":"https:\/\/api.w.org\/{rel}","templated":true}]}}