{"id":110678,"date":"2025-12-08T06:40:12","date_gmt":"2025-12-08T06:40:12","guid":{"rendered":"https:\/\/www.europesays.com\/fi\/110678\/"},"modified":"2025-12-08T06:40:12","modified_gmt":"2025-12-08T06:40:12","slug":"beninin-hallitus-sanoo-torjuneensa-vallankaappausyrityksen-uutisia-lyhyesti","status":"publish","type":"post","link":"https:\/\/www.europesays.com\/fi\/110678\/","title":{"rendered":"Beninin hallitus sanoo torjuneensa vallankaappausyrityksen | Uutisia lyhyesti"},"content":{"rendered":"<p class=\"aw-1gybjub aw-5vja16 kEtdKx kmuxyA yle__article__paragraph\">Vallankumousyritys ei juuri n\u00e4kynyt Beninin kaupungeissa.<\/p>\n<p>7.12. 16:41\u2022P\u00e4ivitetty 7.12. 17:41<\/p>\n<p class=\"aw-1gybjub aw-1p7kakr kEtdKx cEmitX yle__article__paragraph\">L\u00e4nsi-Afrikassa sijaitsevan Beninin hallitus kertoi sunnuntaina torjuneensa sotilaiden vallankaappausyrityksen. Ainakin osa vallankaappausta yritt\u00e4neist\u00e4 sotilaista otettiin kiinni.<\/p>\n<p><img decoding=\"async\" alt=\"Kartta n\u00e4ytt\u00e4\u00e4 Beninin sijainnin.\" src=\"https:\/\/www.europesays.com\/fi\/wp-content\/uploads\/2025\/12\/39-156589769359d9bb2c02.jpeg\" loading=\"lazy\" class=\"aw-1l9m598 hKVVvP\"\/><\/p>\n<p>Avaa kuvien katselu<\/p>\n<p>Beninin kartta. Kuva: Maija Keskisaari \/ Yle, Mapcreator, OpenStreetMap<\/p>\n<p class=\"aw-1gybjub aw-1p7kakr kEtdKx cEmitX yle__article__paragraph\">Ennen kiinniottoaan vallankaappausta yritt\u00e4neet sotilaat ehtiv\u00e4t ilmoittaa valtiollisessa televisiossa syrj\u00e4ytt\u00e4neens\u00e4 presidentti <strong class=\"aw-ak79eh KyCXm yle__article__strong\">Patrice Talonin<\/strong>. Presidentti oli kuitenkin turvassa, ja h\u00e4nen mukaansa sotilaat saivat hallintaansa vain valtiollisen television.<\/p>\n<p class=\"aw-1gybjub aw-1p7kakr kEtdKx cEmitX yle__article__paragraph\">Uutistoimisto AFP:n kirjeenvaihtajat kertoivat kuulleensa aamup\u00e4iv\u00e4ll\u00e4 laukauksia maan hallinnollisen p\u00e4\u00e4kaupungin Cotonoun kaupungin kaduilla, mink\u00e4 lis\u00e4ksi sotilaat estiv\u00e4t p\u00e4\u00e4syn hallintokortteleihin ja valtiollisen television tiloihin. Muuten vallankumousyritys ei juuri n\u00e4kynyt kaupungissa.<\/p>\n<p class=\"aw-1gybjub aw-1p7kakr kEtdKx cEmitX yle__article__paragraph\">67-vuotias entinen liikemies Talon on johtanut Benini\u00e4 vuodesta 2016. H\u00e4nen toisen ja perustuslain mukaan viimeisen virkakautensa on m\u00e4\u00e4r\u00e4 p\u00e4\u00e4tty\u00e4 ensi kev\u00e4\u00e4n\u00e4.<\/p>\n<p class=\"aw-1gybjub aw-1p7kakr kEtdKx cEmitX yle__article__paragraph\">Talonin kaudella Beninin talous on kasvanut hyv\u00e4\u00e4 vauhtia, mutta h\u00e4nt\u00e4 on syytetty autoritaarisuudesta. Lis\u00e4ksi maata vaivannut jihadistiv\u00e4kivalta on lis\u00e4\u00e4ntynyt.<\/p>\n<p class=\"aw-1gybjub aw-1p7kakr kEtdKx cEmitX yle__article__paragraph\">Benin itsen\u00e4istyi Ranskasta vuonna 1960, mink\u00e4 j\u00e4lkeen maassa on tehty useita vallankaappauksia.<\/p>\n","protected":false},"excerpt":{"rendered":"Vallankumousyritys ei juuri n\u00e4kynyt Beninin kaupungeissa. 7.12. 16:41\u2022P\u00e4ivitetty 7.12. 17:41 L\u00e4nsi-Afrikassa sijaitsevan Beninin hallitus kertoi sunnuntaina torjuneensa sotilaiden&hellip;\n","protected":false},"author":2,"featured_media":74,"comment_status":"","ping_status":"","sticky":false,"template":"","format":"standard","meta":{"footnotes":"","_share_on_mastodon":"0"},"categories":[14],"tags":[8630,20534,22,23,26,27,33,31,30,17,70,19016,24,25,3690,28,29,15,18,21,32,19,20,56,16,9325,3689,59,60,61],"class_list":["post-110678","post","type-post","status-publish","format-standard","has-post-thumbnail","category-ulkomaat","tag-afrikka","tag-benin","tag-breaking-news","tag-breakingnews","tag-featured-news","tag-featurednews","tag-fi","tag-finland","tag-finnish","tag-headlines","tag-kansainvalinen-politiikka","tag-lansi-afrikka","tag-latest-news","tag-latestnews","tag-maat-ja-kansakunnat","tag-main-news","tag-mainnews","tag-news","tag-otsikot","tag-paauutiset","tag-suomi","tag-top-stories","tag-topstories","tag-ulkomaat","tag-uutiset","tag-vallankaappaukset","tag-valtiot","tag-world","tag-world-news","tag-worldnews"],"share_on_mastodon":{"url":"https:\/\/pubeurope.com\/@fi\/115682582669260099","error":""},"_links":{"self":[{"href":"https:\/\/www.europesays.com\/fi\/wp-json\/wp\/v2\/posts\/110678","targetHints":{"allow":["GET"]}}],"collection":[{"href":"https:\/\/www.europesays.com\/fi\/wp-json\/wp\/v2\/posts"}],"about":[{"href":"https:\/\/www.europesays.com\/fi\/wp-json\/wp\/v2\/types\/post"}],"author":[{"embeddable":true,"href":"https:\/\/www.europesays.com\/fi\/wp-json\/wp\/v2\/users\/2"}],"replies":[{"embeddable":true,"href":"https:\/\/www.europesays.com\/fi\/wp-json\/wp\/v2\/comments?post=110678"}],"version-history":[{"count":0,"href":"https:\/\/www.europesays.com\/fi\/wp-json\/wp\/v2\/posts\/110678\/revisions"}],"wp:featuredmedia":[{"embeddable":true,"href":"https:\/\/www.europesays.com\/fi\/wp-json\/wp\/v2\/media\/74"}],"wp:attachment":[{"href":"https:\/\/www.europesays.com\/fi\/wp-json\/wp\/v2\/media?parent=110678"}],"wp:term":[{"taxonomy":"category","embeddable":true,"href":"https:\/\/www.europesays.com\/fi\/wp-json\/wp\/v2\/categories?post=110678"},{"taxonomy":"post_tag","embeddable":true,"href":"https:\/\/www.europesays.com\/fi\/wp-json\/wp\/v2\/tags?post=110678"}],"curies":[{"name":"wp","href":"https:\/\/api.w.org\/{rel}","templated":true}]}}